{"id":46860,"date":"2023-03-29T06:45:27","date_gmt":"2023-03-29T10:45:27","guid":{"rendered":"https:\/\/jms.com.bo\/mediamonitor\/2023\/03\/29\/tarija-con-contrato-resuelto-aguardan-que-arce-reactive-el-oncologico\/"},"modified":"2023-03-29T06:45:27","modified_gmt":"2023-03-29T10:45:27","slug":"tarija-con-contrato-resuelto-aguardan-que-arce-reactive-el-oncologico","status":"publish","type":"post","link":"https:\/\/jms.com.bo\/mediamonitor\/2023\/03\/29\/tarija-con-contrato-resuelto-aguardan-que-arce-reactive-el-oncologico\/","title":{"rendered":"Tarija: Con contrato resuelto, aguardan que Arce reactive el Oncol\u00f3gico"},"content":{"rendered":"<p style=\"text-align: justify;\">Un silencio c\u00f3mplice entre la Gobernaci\u00f3n de Tarija y la Unidad de Proyectos Especiales (UPRE) del Gobierno nacional ha dejado en el olvido la construcci\u00f3n del Hospital Oncol\u00f3gico. A casi cuatro meses de haberse rescindido el contrato, a\u00fan se ultiman detalles para el cierre de planillas, despu\u00e9s de eso reci\u00e9n se podr\u00e1 volver a licitar el proyecto. La expectativa est\u00e1 fijada para abril, el mes aniversario de Tarija, y que sea el presidente, Luis Arce, quien d\u00e9 luz verde a la reactivaci\u00f3n de esta obra.<\/p>\n<p style=\"text-align: justify;\">Representa una inversi\u00f3n de 158.180.711,16 bolivianos, recursos que son financiados por el departamento de Tarija con un aporte del 60,21%, mientras que el Gobierno a trav\u00e9s de la UPRE participa con el 39,79%.<\/p>\n<p style=\"text-align: justify;\">Si bien los trabajos han sido paralizados desde el mes de febrero del 2022, han sido pocas las autoridades que se han pronunciado sobre este hecho, espor\u00e1dicamente se pronunci\u00f3 alguno que otro vocero de la Gobernaci\u00f3n y Asamblea Legislativa Departamental de Tarija (ALDT), o de la Brigada Parlamentaria, pero esto por inter\u00e9s de los medios de comunicaci\u00f3n, no as\u00ed por iniciativa propia.<\/p>\n<p style=\"text-align: justify;\">Cabe recordar que este proyecto inici\u00f3 en la gesti\u00f3n 2015. Representa una inversi\u00f3n de 158.180.711,16 bolivianos, recursos que son financiados por el departamento de Tarija con un aporte del 60,21%, mientras que el Gobierno a trav\u00e9s de la UPRE participa con el 39,79%.<\/p>\n<p style=\"text-align: justify;\">Ya en octubre de 2022, era la Gobernaci\u00f3n de Tarija la que advert\u00eda la intenci\u00f3n de la empresa de rescindir contrato, decisi\u00f3n que quedaba en manos de la UPRE. Sin embargo, ahora ha sido la misma Gobernaci\u00f3n la que ha confirmado que el contrato fue rescindido hace cuatro meses atr\u00e1s, y que la entidad dependiente del nivel central a\u00fan trabaja en la planilla de cierre del proyecto.<\/p>\n<p style=\"text-align: justify;\">Aunque es la planilla de cierre la que define oficialmente el avance de obra, actualmente se estima que la ejecuci\u00f3n f\u00edsica alcanza el 55%, y un porcentaje similar la ejecuci\u00f3n financiera.<\/p>\n<p style=\"text-align: justify;\">La secretaria de Obras P\u00fablicas de la Gobernaci\u00f3n, Sandra Zubieta, detall\u00f3 que una vez realizado el cierre de planillas, se deben cumplir los plazos administrativos para que el proyecto vuelva a ser licitado o adjudicado de manera directa. Mencion\u00f3 que esa responsabilidad la tiene la UPRE, que es la entidad que administra el proyecto.<\/p>\n<p style=\"text-align: justify;\">\u201cComo el contrato ha sido resuelto, nosotros lo que hemos hecho es colocar los serenos correspondientes para resguardar y precautelar los bienes que tenemos all\u00e1. Ahora no est\u00e1 trabajando nadie, porque el contrato ha sido resuelto\u201d, expuso.<\/p>\n<p style=\"text-align: justify;\">La UPRE no se pronuncia<\/p>\n<p style=\"text-align: justify;\">Sobre este tema, El Pa\u00eds busc\u00f3 conocer de primera fuente la informaci\u00f3n respecto a la situaci\u00f3n del Hospital Oncol\u00f3gico, sin embargo, fuentes del Gobierno nacional han asegurado que en el caso de Tarija no existe un representante de la UPRE, por lo que no hay qui\u00e9n pueda brindar la informaci\u00f3n t\u00e9cnica oficial referente al proyecto, ni siquiera el delegado presidencial, Marcelo Poma.<\/p>\n","protected":false},"excerpt":{"rendered":"<p>Un silencio c\u00f3mplice entre la Gobernaci\u00f3n de Tarija y la Unidad de Proyectos Especiales (UPRE) del Gobierno nacional ha dejado en el olvido la construcci\u00f3n del Hospital Oncol\u00f3gico. A casi cuatro meses de haberse rescindido el contrato, a\u00fan se ultiman detalles para el cierre de planillas, despu\u00e9s de eso reci\u00e9n se podr\u00e1 volver a licitar [&hellip;]<\/p>\n","protected":false},"author":4,"featured_media":46861,"comment_status":"open","ping_status":"closed","sticky":false,"template":"","format":"standard","meta":{"footnotes":""},"categories":[53],"tags":[],"class_list":{"0":"post-46860","1":"post","2":"type-post","3":"status-publish","4":"format-standard","5":"has-post-thumbnail","7":"category-salud"},"_links":{"self":[{"href":"https:\/\/jms.com.bo\/mediamonitor\/wp-json\/wp\/v2\/posts\/46860","targetHints":{"allow":["GET"]}}],"collection":[{"href":"https:\/\/jms.com.bo\/mediamonitor\/wp-json\/wp\/v2\/posts"}],"about":[{"href":"https:\/\/jms.com.bo\/mediamonitor\/wp-json\/wp\/v2\/types\/post"}],"author":[{"embeddable":true,"href":"https:\/\/jms.com.bo\/mediamonitor\/wp-json\/wp\/v2\/users\/4"}],"replies":[{"embeddable":true,"href":"https:\/\/jms.com.bo\/mediamonitor\/wp-json\/wp\/v2\/comments?post=46860"}],"version-history":[{"count":0,"href":"https:\/\/jms.com.bo\/mediamonitor\/wp-json\/wp\/v2\/posts\/46860\/revisions"}],"wp:featuredmedia":[{"embeddable":true,"href":"https:\/\/jms.com.bo\/mediamonitor\/wp-json\/wp\/v2\/media\/46861"}],"wp:attachment":[{"href":"https:\/\/jms.com.bo\/mediamonitor\/wp-json\/wp\/v2\/media?parent=46860"}],"wp:term":[{"taxonomy":"category","embeddable":true,"href":"https:\/\/jms.com.bo\/mediamonitor\/wp-json\/wp\/v2\/categories?post=46860"},{"taxonomy":"post_tag","embeddable":true,"href":"https:\/\/jms.com.bo\/mediamonitor\/wp-json\/wp\/v2\/tags?post=46860"}],"curies":[{"name":"wp","href":"https:\/\/api.w.org\/{rel}","templated":true}]}}