{"id":46864,"date":"2023-03-29T06:49:00","date_gmt":"2023-03-29T10:49:00","guid":{"rendered":"https:\/\/jms.com.bo\/mediamonitor\/2023\/03\/29\/congreso-de-quinua-en-potosi-reune-a-productores-de-20-paises-para-intercambiar-experiencias-y-fortalecer-la-produccion\/"},"modified":"2023-03-29T06:49:00","modified_gmt":"2023-03-29T10:49:00","slug":"congreso-de-quinua-en-potosi-reune-a-productores-de-20-paises-para-intercambiar-experiencias-y-fortalecer-la-produccion","status":"publish","type":"post","link":"https:\/\/jms.com.bo\/mediamonitor\/2023\/03\/29\/congreso-de-quinua-en-potosi-reune-a-productores-de-20-paises-para-intercambiar-experiencias-y-fortalecer-la-produccion\/","title":{"rendered":"Congreso de Quinua en Potos\u00ed re\u00fane a productores de 20 pa\u00edses para intercambiar experiencias y fortalecer la producci\u00f3n"},"content":{"rendered":"<p style=\"text-align: justify;\">Autoridades, investigadores, cient\u00edficos, expositores y agricultores de 20 pa\u00edses inauguraron este martes el VIII Congreso Mundial de la Quinua en Potos\u00ed con miras a fortalecer la productividad y producci\u00f3n del grano andino.<\/p>\n<p style=\"text-align: justify;\">El evento, que este a\u00f1o tiene como sede Bolivia, inici\u00f3 esta jornada y se extender\u00e1 hasta el 31 en instalaciones de la Universidad Aut\u00f3noma Tomas Fr\u00edas, con la participaci\u00f3n de delegaciones nacionales e internacionales.<\/p>\n<p style=\"text-align: justify;\">Fue inaugurado con rituales andinos, danza y m\u00fasica del destacado grupo folcl\u00f3rico Kalamarka, adem\u00e1s de la degustaci\u00f3n del plato de \u201cphisara m\u00e1s grande\u201d, elaborado a base de quinua, charque de llama y papa.<\/p>\n<p style=\"text-align: justify;\">El \u201cChef Sin Fronteras\u201d, Emilio Garnica, junto con cuarenta estudiantes de Gastronom\u00eda, cocin\u00f3 la \u201cphisara m\u00e1s grande\u201d con dos quintales de quinua, 50 kilos de carne y cerca de igual n\u00famero de kilogramos de queso para unas 1.500 personas.<\/p>\n<p style=\"text-align: justify;\">El ministro de Desarrollo Rural y Tierras, Remmy Gonzales, afirm\u00f3 que el evento mundial con sede en Potos\u00ed reafirma el compromiso del presidente Luis Arce de revalorizar el grano milenario.<\/p>\n<p style=\"text-align: justify;\">\u201cA trav\u00e9s de esta cartera de Estado se trabaja con programas y proyectos para mejorar la capacidad productiva, industrial y comercial de los productores quinueros del pa\u00eds. Adem\u00e1s, apoyamos en la formaci\u00f3n de recursos humanos, fortaleciendo capacidades y conocimientos en la producci\u00f3n org\u00e1nica y transformaci\u00f3n del grano de oro\u201d, explic\u00f3.<\/p>\n<p style=\"text-align: justify;\">En tanto, el rector de la Universidad Aut\u00f3noma Tomas Fr\u00edas, Pedro L\u00f3pez, inform\u00f3 que en el evento los productores e investigadores dedicados a cultivar y estudiar el \u201cgrano de oro\u201d intercambiar\u00e1n experiencias.<\/p>\n<p style=\"text-align: justify;\">\u201cDurante estos cuatro d\u00edas tendremos la oportunidad de conocer temas sobre biotecnolog\u00eda, salud, nutrici\u00f3n, calidad, comercializaci\u00f3n, pol\u00edticas p\u00fablicas y practicas ancestrales que han mantenido vivas nuestros pueblos andinos\u201d, detall\u00f3.<\/p>\n<p style=\"text-align: justify;\">En el VIII Congreso Mundial de la Quinua, adem\u00e1s, se debatir\u00e1 y transferir\u00e1 conocimientos y avances tecnol\u00f3gicos cient\u00edficos sobre la quinua; asimismo, se conocer\u00e1 los saberes ancestrales de los productores y las pol\u00edticas p\u00fablicas vinculadas a la producci\u00f3n, seg\u00fan los datos del Ministerio de Desarrollo Rural y Tierras.<\/p>\n","protected":false},"excerpt":{"rendered":"<p>Autoridades, investigadores, cient\u00edficos, expositores y agricultores de 20 pa\u00edses inauguraron este martes el VIII Congreso Mundial de la Quinua en Potos\u00ed con miras a fortalecer la productividad y producci\u00f3n del grano andino. El evento, que este a\u00f1o tiene como sede Bolivia, inici\u00f3 esta jornada y se extender\u00e1 hasta el 31 en instalaciones de la Universidad [&hellip;]<\/p>\n","protected":false},"author":4,"featured_media":46865,"comment_status":"open","ping_status":"closed","sticky":false,"template":"","format":"standard","meta":{"footnotes":""},"categories":[52],"tags":[],"class_list":{"0":"post-46864","1":"post","2":"type-post","3":"status-publish","4":"format-standard","5":"has-post-thumbnail","7":"category-alimentos-agroindustria"},"_links":{"self":[{"href":"https:\/\/jms.com.bo\/mediamonitor\/wp-json\/wp\/v2\/posts\/46864","targetHints":{"allow":["GET"]}}],"collection":[{"href":"https:\/\/jms.com.bo\/mediamonitor\/wp-json\/wp\/v2\/posts"}],"about":[{"href":"https:\/\/jms.com.bo\/mediamonitor\/wp-json\/wp\/v2\/types\/post"}],"author":[{"embeddable":true,"href":"https:\/\/jms.com.bo\/mediamonitor\/wp-json\/wp\/v2\/users\/4"}],"replies":[{"embeddable":true,"href":"https:\/\/jms.com.bo\/mediamonitor\/wp-json\/wp\/v2\/comments?post=46864"}],"version-history":[{"count":0,"href":"https:\/\/jms.com.bo\/mediamonitor\/wp-json\/wp\/v2\/posts\/46864\/revisions"}],"wp:featuredmedia":[{"embeddable":true,"href":"https:\/\/jms.com.bo\/mediamonitor\/wp-json\/wp\/v2\/media\/46865"}],"wp:attachment":[{"href":"https:\/\/jms.com.bo\/mediamonitor\/wp-json\/wp\/v2\/media?parent=46864"}],"wp:term":[{"taxonomy":"category","embeddable":true,"href":"https:\/\/jms.com.bo\/mediamonitor\/wp-json\/wp\/v2\/categories?post=46864"},{"taxonomy":"post_tag","embeddable":true,"href":"https:\/\/jms.com.bo\/mediamonitor\/wp-json\/wp\/v2\/tags?post=46864"}],"curies":[{"name":"wp","href":"https:\/\/api.w.org\/{rel}","templated":true}]}}