{"id":46870,"date":"2023-03-29T06:53:58","date_gmt":"2023-03-29T10:53:58","guid":{"rendered":"https:\/\/jms.com.bo\/mediamonitor\/2023\/03\/29\/maestros-instalan-huelga-de-hambre-en-la-paz-y-se-extiende-a-otras-regiones-apuntan-contra-la-malla-curricular\/"},"modified":"2023-03-29T06:53:58","modified_gmt":"2023-03-29T10:53:58","slug":"maestros-instalan-huelga-de-hambre-en-la-paz-y-se-extiende-a-otras-regiones-apuntan-contra-la-malla-curricular","status":"publish","type":"post","link":"https:\/\/jms.com.bo\/mediamonitor\/2023\/03\/29\/maestros-instalan-huelga-de-hambre-en-la-paz-y-se-extiende-a-otras-regiones-apuntan-contra-la-malla-curricular\/","title":{"rendered":"Maestros instalan huelga de hambre en La Paz y se extiende a otras regiones; apuntan contra la malla curricular"},"content":{"rendered":"<p style=\"text-align: justify;\">Los maestros urbanos de Bolivia instalaron este martes el primer piquete de huelga de hambre en la ciudad de La Paz y aseguran que el sector continuar\u00e1 con marchas y el paro de 48 horas programado para el jueves y viernes hasta lograr que se frene la aplicaci\u00f3n de la actualizaci\u00f3n de la malla curricular. El ministro de Educaci\u00f3n, Edgar Pary, analiza la contrapropuesta del magisterio pero califica la movilizaci\u00f3n de pol\u00edtica.<\/p>\n<p style=\"text-align: justify;\">\u201cEstamos iniciando la primera huelga de hambre indefinida con 34 maestros\u201d, afirm\u00f3 el primer secretario de conflictos de la Confederaci\u00f3n de Trabajadores de Educaci\u00f3n Urbana (CTEUB), Carlos Tamo.<\/p>\n<p style=\"text-align: justify;\">A esa medida ingres\u00f3 un representante por cada una de las 31 federaciones del magisterio urbano y tres representantes de la confederaci\u00f3n.<\/p>\n<p style=\"text-align: justify;\">Maestros se acomodan en la casona de la Federaci\u00f3n del magisterio de La Paz para iniciar su huelga de hambre. Ver\u00f3nica Zapana S. \/ P\u00e1gina Siete<br \/>\nTamo afirm\u00f3 que esta es una de las primeras medidas radicales que asume su sector con el fin de que el Gobierno suspenda la aplicaci\u00f3n de la actualizaci\u00f3n de los contenidos de la malla curricular.<\/p>\n<p style=\"text-align: justify;\">Pero no es la \u00fanica medida que adopta el sector. El ejecutivo de la CTEUB, Patricio Molina, resalt\u00f3 que adem\u00e1s se suman otras medidas como la huelga de hambre en cada uno de los departamentos, las movilizaciones en cada regi\u00f3n y el paro nacional de 48 horas programado para este jueves y viernes.<\/p>\n<p style=\"text-align: justify;\">\u201cEste es un paro con movilizaciones y bloqueo de carreteras que se realizar\u00e1n en cada una de las regiones donde se encuentra cada una de las 31 federaciones de Bolivia\u201d, asegur\u00f3 Molina.<\/p>\n<p style=\"text-align: justify;\">Tamo tambi\u00e9n expres\u00f3 que las marchas continuar\u00e1n todos los d\u00edas no s\u00f3lo en La Paz sino a nivel nacional. \u201cNo vamos a parar hasta ser escuchados\u201d.<\/p>\n<p style=\"text-align: justify;\">Molina asegur\u00f3 que esa propuesta que envi\u00f3 el Gobierno era una burla. Por eso, en pasadas horas el sector envi\u00f3 una contrapropuesta. \u201cConsiste en que adem\u00e1s de las 2.500 horas se otorgue otras 2.000\u201d.<\/p>\n<p style=\"text-align: justify;\">Respecto a la malla curricular buscan \u201clograr un stock de horas considerables que vayan m\u00e1s all\u00e1 del 50% para cubrir desde marzo\u201d.<\/p>\n<p style=\"text-align: justify;\">En cuanto a la malla curricular, el documento al cual tuvo acceso P\u00e1gina Siete, indica que el magisterio \u201cexige\u201d que su implementaci\u00f3n \u201cquede sin efecto para que la misma o cualquier otra propuesta de reforma sean consideradas en el Congreso Plurinacional de la Educaci\u00f3n\u201d.<\/p>\n<p style=\"text-align: justify;\">Adem\u00e1s, piden que el Congreso educativo sea planificado, proyectado y llevado a cabo con la participaci\u00f3n mayoritaria de maestros bajo coordinaci\u00f3n de la CTEUB.<\/p>\n<p style=\"text-align: justify;\">Molina destac\u00f3 que si no tienen respuesta positiva, entonces buscar\u00e1n otro interlocutor. \u201cEs importante que el presidente Luis Arce nos escuche, porque estamos viendo que el ministro no lo hace\u201d.<\/p>\n<p style=\"text-align: justify;\">Por su parte, el ministro de Educaci\u00f3n indic\u00f3 que ya recibieron la contrapropuesta y la est\u00e1n analizando. \u201cVamos a hacer conocer una respuesta al magisterio urbano\u201d. Aunque advirti\u00f3 que este movimiento se est\u00e1 tornando pol\u00edtico.<\/p>\n<p style=\"text-align: justify;\">Asegur\u00f3 que varios departamentos no necesitan \u00edtems, es el caso de los departamentos de Beni y La Paz, entre otros.<\/p>\n<p style=\"text-align: justify;\">Anunci\u00f3 que el Ministerio est\u00e1 buscando reunirse con el sector, sin embargo adelant\u00f3 que si los maestros no pasan clases, entonces habr\u00e1 descuentos.<\/p>\n","protected":false},"excerpt":{"rendered":"<p>Los maestros urbanos de Bolivia instalaron este martes el primer piquete de huelga de hambre en la ciudad de La Paz y aseguran que el sector continuar\u00e1 con marchas y el paro de 48 horas programado para el jueves y viernes hasta lograr que se frene la aplicaci\u00f3n de la actualizaci\u00f3n de la malla curricular. [&hellip;]<\/p>\n","protected":false},"author":4,"featured_media":46871,"comment_status":"open","ping_status":"closed","sticky":false,"template":"","format":"standard","meta":{"footnotes":""},"categories":[49],"tags":[],"class_list":{"0":"post-46870","1":"post","2":"type-post","3":"status-publish","4":"format-standard","5":"has-post-thumbnail","7":"category-social"},"_links":{"self":[{"href":"https:\/\/jms.com.bo\/mediamonitor\/wp-json\/wp\/v2\/posts\/46870","targetHints":{"allow":["GET"]}}],"collection":[{"href":"https:\/\/jms.com.bo\/mediamonitor\/wp-json\/wp\/v2\/posts"}],"about":[{"href":"https:\/\/jms.com.bo\/mediamonitor\/wp-json\/wp\/v2\/types\/post"}],"author":[{"embeddable":true,"href":"https:\/\/jms.com.bo\/mediamonitor\/wp-json\/wp\/v2\/users\/4"}],"replies":[{"embeddable":true,"href":"https:\/\/jms.com.bo\/mediamonitor\/wp-json\/wp\/v2\/comments?post=46870"}],"version-history":[{"count":0,"href":"https:\/\/jms.com.bo\/mediamonitor\/wp-json\/wp\/v2\/posts\/46870\/revisions"}],"wp:featuredmedia":[{"embeddable":true,"href":"https:\/\/jms.com.bo\/mediamonitor\/wp-json\/wp\/v2\/media\/46871"}],"wp:attachment":[{"href":"https:\/\/jms.com.bo\/mediamonitor\/wp-json\/wp\/v2\/media?parent=46870"}],"wp:term":[{"taxonomy":"category","embeddable":true,"href":"https:\/\/jms.com.bo\/mediamonitor\/wp-json\/wp\/v2\/categories?post=46870"},{"taxonomy":"post_tag","embeddable":true,"href":"https:\/\/jms.com.bo\/mediamonitor\/wp-json\/wp\/v2\/tags?post=46870"}],"curies":[{"name":"wp","href":"https:\/\/api.w.org\/{rel}","templated":true}]}}