{"id":46872,"date":"2023-03-29T06:55:29","date_gmt":"2023-03-29T10:55:29","guid":{"rendered":"https:\/\/jms.com.bo\/mediamonitor\/2023\/03\/29\/fabriles-marcharan-en-santa-cruz-para-exigir-ajustes-en-la-ley-de-pensiones-libre-importacion-y-lucha-efectiva-contra-el-contrabando\/"},"modified":"2023-03-29T06:55:29","modified_gmt":"2023-03-29T10:55:29","slug":"fabriles-marcharan-en-santa-cruz-para-exigir-ajustes-en-la-ley-de-pensiones-libre-importacion-y-lucha-efectiva-contra-el-contrabando","status":"publish","type":"post","link":"https:\/\/jms.com.bo\/mediamonitor\/2023\/03\/29\/fabriles-marcharan-en-santa-cruz-para-exigir-ajustes-en-la-ley-de-pensiones-libre-importacion-y-lucha-efectiva-contra-el-contrabando\/","title":{"rendered":"Fabriles marchar\u00e1n en Santa Cruz para exigir ajustes en la Ley de Pensiones, libre importaci\u00f3n y lucha efectiva contra el contrabando"},"content":{"rendered":"<p style=\"text-align: justify;\">La Federaci\u00f3n Departamental de Trabajadores Fabriles de Santa Cruz anunci\u00f3 una gran marcha para este jueves en defensa de su derecho al trabajo y en demanda de la modificaci\u00f3n de la Ley de Pensiones, de una \u00ablucha efectiva\u00bb contra el contrabando y de la libre importaci\u00f3n.<\/p>\n<p style=\"text-align: justify;\">Los fabriles exigen al Ministerio de Trabajo, Empleo y Previsi\u00f3n Social cumplir la Constituci\u00f3n Pol\u00edtica del Estado, garantizando el derecho al trabajo, la estabilidad laboral y los medios de subsistencia de los trabajadores y de sus familias.<\/p>\n<p style=\"text-align: justify;\">\u201cFuncionario de ese ministerio que vaya en contraposici\u00f3n de este mandato deber\u00e1 ser procesado\u201d, cita la convocatoria, que tiene car\u00e1cter obligatorio.<\/p>\n<p style=\"text-align: justify;\">En esta l\u00ednea, el sector demand\u00f3 el cumplimiento de la Decreto 521, que proh\u00edbe toda forma de evasi\u00f3n de la normativa laboral, como la terciarizaci\u00f3n en actividades de la industria boliviana. \u201cEl aumento de esta pr\u00e1ctica de contrataci\u00f3n de personal lesiona derechos de los trabajadores fabriles reconocidos en la Constituci\u00f3n y en los tratados internacionales\u201d, subraya la Federaci\u00f3n.<\/p>\n<p style=\"text-align: justify;\">El sector pide tambi\u00e9n la modificaci\u00f3n de la Ley 065 de Pensiones, para incluir la participaci\u00f3n obrera en la estructura administrativa de la Gestora P\u00fablica y para mejorar las rentas de jubilaci\u00f3n, \u201cque hoy son m\u00edseras\u201d y deterioran la calidad de vida de los jubilados.<\/p>\n<p style=\"text-align: justify;\">Adem\u00e1s, la Federaci\u00f3n exige al Gobierno asumir \u201cacciones efectivas\u201d de lucha contra el contrabando y una ley de protecci\u00f3n a la producci\u00f3n nacional, que endurezca las sanciones a los contrabandistas y a los funcionarios p\u00fablicos que controlan las importaciones, si incumplen sus deberes, porque todo ello \u201catentan contra la producci\u00f3n nacional y las fuentes de trabajo\u201d.<\/p>\n<p style=\"text-align: justify;\">\u201cDemandamos con urgencia incluir en la reactivaci\u00f3n del aparato productivo al sector fabril cruce\u00f1o, afectado por paros bloqueos y tintes pol\u00edticos y sociales\u201d, agrega.<\/p>\n<p style=\"text-align: justify;\">En otro punto, los fabriles exigen al Gobierno la creaci\u00f3n de un proyecto de decreto que regule y controle la libre importaci\u00f3n o la modificaci\u00f3n del Decreto 2752, que permite las ventas externas en determinados productos solo a trav\u00e9s de autorizaciones del Ministerio de Desarrollo Productivo<\/p>\n<p style=\"text-align: justify;\">Otra exigencia es la abrogaci\u00f3n del Decreto 4794, que elimina la autogeneraci\u00f3n de energ\u00eda el\u00e9ctrica y \u201cdesconoce\u201d la inversi\u00f3n privada. Esta medica incrementa los costos de producci\u00f3n y puede poner en riesgo la estabilidad laboral, sostienen los fabriles.<\/p>\n<p style=\"text-align: justify;\">La concentraci\u00f3n se realizar\u00e1 a las 08.30, en la Carretera al Norte, a la altura del puente de acceso al aeropuerto Viru Viru.<\/p>\n","protected":false},"excerpt":{"rendered":"<p>La Federaci\u00f3n Departamental de Trabajadores Fabriles de Santa Cruz anunci\u00f3 una gran marcha para este jueves en defensa de su derecho al trabajo y en demanda de la modificaci\u00f3n de la Ley de Pensiones, de una \u00ablucha efectiva\u00bb contra el contrabando y de la libre importaci\u00f3n. Los fabriles exigen al Ministerio de Trabajo, Empleo y [&hellip;]<\/p>\n","protected":false},"author":4,"featured_media":46873,"comment_status":"open","ping_status":"closed","sticky":false,"template":"","format":"standard","meta":{"footnotes":""},"categories":[49],"tags":[],"class_list":{"0":"post-46872","1":"post","2":"type-post","3":"status-publish","4":"format-standard","5":"has-post-thumbnail","7":"category-social"},"_links":{"self":[{"href":"https:\/\/jms.com.bo\/mediamonitor\/wp-json\/wp\/v2\/posts\/46872","targetHints":{"allow":["GET"]}}],"collection":[{"href":"https:\/\/jms.com.bo\/mediamonitor\/wp-json\/wp\/v2\/posts"}],"about":[{"href":"https:\/\/jms.com.bo\/mediamonitor\/wp-json\/wp\/v2\/types\/post"}],"author":[{"embeddable":true,"href":"https:\/\/jms.com.bo\/mediamonitor\/wp-json\/wp\/v2\/users\/4"}],"replies":[{"embeddable":true,"href":"https:\/\/jms.com.bo\/mediamonitor\/wp-json\/wp\/v2\/comments?post=46872"}],"version-history":[{"count":0,"href":"https:\/\/jms.com.bo\/mediamonitor\/wp-json\/wp\/v2\/posts\/46872\/revisions"}],"wp:featuredmedia":[{"embeddable":true,"href":"https:\/\/jms.com.bo\/mediamonitor\/wp-json\/wp\/v2\/media\/46873"}],"wp:attachment":[{"href":"https:\/\/jms.com.bo\/mediamonitor\/wp-json\/wp\/v2\/media?parent=46872"}],"wp:term":[{"taxonomy":"category","embeddable":true,"href":"https:\/\/jms.com.bo\/mediamonitor\/wp-json\/wp\/v2\/categories?post=46872"},{"taxonomy":"post_tag","embeddable":true,"href":"https:\/\/jms.com.bo\/mediamonitor\/wp-json\/wp\/v2\/tags?post=46872"}],"curies":[{"name":"wp","href":"https:\/\/api.w.org\/{rel}","templated":true}]}}