{"id":46874,"date":"2023-03-29T06:57:00","date_gmt":"2023-03-29T10:57:00","guid":{"rendered":"https:\/\/jms.com.bo\/mediamonitor\/2023\/03\/29\/jubilados-se-movilizaran-este-miercoles-y-jueves-por-observaciones-a-la-gestora\/"},"modified":"2023-03-29T06:57:00","modified_gmt":"2023-03-29T10:57:00","slug":"jubilados-se-movilizaran-este-miercoles-y-jueves-por-observaciones-a-la-gestora","status":"publish","type":"post","link":"https:\/\/jms.com.bo\/mediamonitor\/2023\/03\/29\/jubilados-se-movilizaran-este-miercoles-y-jueves-por-observaciones-a-la-gestora\/","title":{"rendered":"Jubilados se movilizar\u00e1n este mi\u00e9rcoles y jueves por observaciones a la Gestora"},"content":{"rendered":"<p style=\"text-align: justify;\">Los jubilados de La Paz y del pa\u00eds tienen observaciones a la Gestora P\u00fablica de la Seguridad Social de Largo Plazo y se movilizar\u00e1n para exigir cambios a la Ley de Pensiones y en demanda de participaci\u00f3n en el directorio de la entidad estatal para fiscalizar inversiones.<\/p>\n<p style=\"text-align: justify;\">El jueves la Confederaci\u00f3n Nacional de Jubilados en el Sistema Integral de Pensiones participar\u00e1 de una marcha convocada por los trabajadores fabriles para solicitar cambios a la Ley 065 de Pensiones y expresar la posici\u00f3n del sector sobre la Gestora.<\/p>\n<p style=\"text-align: justify;\">Rodolfo Ayala, secretario Ejecutivo de la Confederaci\u00f3n, explic\u00f3 que la demanda principal del sector es que en el directorio de la Gestora exista representaci\u00f3n de los trabajadores activos y jubilados para fiscalizar y controlar por ejemplo las inversiones que se realicen con los aportes de jubilaci\u00f3n.<\/p>\n<p style=\"text-align: justify;\">La Ley 065 de Pensiones establece que el Directorio de la Gestora estar\u00e1 conformado por un Presidente o Presidenta y cuatro directores que ser\u00e1n designados por el Presidente del Estado de ternas aprobadas por dos tercios de votos de los miembros presentes de la C\u00e1mara de Diputados.<\/p>\n<p style=\"text-align: justify;\">Ayala sostuvo que esto no es posible porque finalmente el dinero que administrar\u00e1 la Gestora es los trabajadores y jubilados, por lo tanto \u00e9stos deben participar del Directorio de forma activa y no solo como control social que es lo que pretende el Gobierno.<\/p>\n<p style=\"text-align: justify;\">\u201cNosotros como trabajadores activos y jubilados debemos ser parte de la Gestora pero el Gobierno quiere que esto solo lo maneje el Estado y hemos presentado un proyecto de Ley a la Asamblea\u201d, remarc\u00f3.<\/p>\n<p style=\"text-align: justify;\">Explic\u00f3 que se debe evitar los malos manejos del Estado cuando estaba a cargo del antiguo sistema de reparto. \u201cEl Estado no garantiza las pensiones. Es importante que los trabajadores activos y jubilados participen el Directorio porque se debe conocer c\u00f3mo se esta invirtiendo, destino del dinero, donde de van las utilidades\u201d, precis\u00f3,<\/p>\n<p style=\"text-align: justify;\">Se\u00f1al\u00f3 que la Autoridad de Fiscalizaci\u00f3n en Pensiones y Seguros (APS) no puede fiscalizar al la Gestora si ambas entidades son del Estado o dependientes del gobierno de turno al igual que el Viceministerio de Pensiones.<\/p>\n<p style=\"text-align: justify;\">\u201cEn el pasado Dante Escobar hizo lo que le dio la gana con la plata del sistema de reparto y esa fue una de las razones del fracaso del antiguo sistema y no podemos permitir que se repita. Somos 216 mil jubilados en nuevo sistema y debemos cuidar la plata\u201d, precis\u00f3.<\/p>\n<p style=\"text-align: justify;\">Tambi\u00e9n dijo que existe el riesgo de que la Gestora realice malas inversiones. \u201cEnatex fracas\u00f3 con el manejo del Estado por un mal manejo y la Gestora manejar\u00e1 23 mil millones de d\u00f3lares de aportes de los trabajadores\u201d, record\u00f3.<\/p>\n<p style=\"text-align: justify;\">Ayala aclar\u00f3 que como sector no est\u00e1n en contra de la Gestora, pero si demandan que exista fiscalizaci\u00f3n y representaci\u00f3n de los trabajadores en el Directorio.<\/p>\n<p style=\"text-align: justify;\">Por su lado la Federaci\u00f3n Departamental de Jubilados en el Sistema Integral de Pensiones en La Paz, anuncio una movilizaci\u00f3n este mi\u00e9rcoles en rechazo al funcionamiento de la Gestora.<\/p>\n<p style=\"text-align: justify;\">\u201cEn m\u00e9rito a la resoluci\u00f3n asumida de la Asamblea P\u00fablica del pasado mi\u00e9rcoles 22 de marzo y en adhesi\u00f3n al rechazo generalizado de la Gestora P\u00fablica de la Seguridad Social de Largo Plazo, se convoca a la marcha de protesta por la dignidad de los jubilados, prejubilados y derechohabientes\u201d, se\u00f1ala un comunicado de esta Federaci\u00f3n.<\/p>\n<p style=\"text-align: justify;\">Mediante la circular APS\/DP 095-2023, la Autoridad de Fiscalizaci\u00f3n y Control en Pensiones y Seguros (APS) fij\u00f3 el 15 de mayo para el cierre contable y fecha de corte de las administradoras de fondos de pensiones (AFP).<\/p>\n<p style=\"text-align: justify;\">De esa manera, estas entidades dejar\u00e1n de operar en el pa\u00eds luego de 26 a\u00f1os, ya que comenzaron labores en 1997.<\/p>\n<p style=\"text-align: justify;\">Se debe recordar que el Decreto Supremo 4585 del 15 de septiembre de 2021 estableci\u00f3: \u201cLa Gestora P\u00fablica de la Seguridad Social de Largo Plazo iniciar\u00e1 actividades en los reg\u00edmenes contributivo y semicontributivo de forma parcial dentro de 12 meses siguientes a la publicaci\u00f3n del presente decreto supremo y de manera total en un plazo no mayor a 20 meses computados de igual manera\u201d.<\/p>\n<p style=\"text-align: justify;\">De forma parcial, la entidad arranc\u00f3 operaciones el 15 de septiembre de 2022 y de forma total lo har\u00e1 el 15 de mayo de 2023.<\/p>\n","protected":false},"excerpt":{"rendered":"<p>Los jubilados de La Paz y del pa\u00eds tienen observaciones a la Gestora P\u00fablica de la Seguridad Social de Largo Plazo y se movilizar\u00e1n para exigir cambios a la Ley de Pensiones y en demanda de participaci\u00f3n en el directorio de la entidad estatal para fiscalizar inversiones. El jueves la Confederaci\u00f3n Nacional de Jubilados en [&hellip;]<\/p>\n","protected":false},"author":4,"featured_media":46875,"comment_status":"open","ping_status":"closed","sticky":false,"template":"","format":"standard","meta":{"footnotes":""},"categories":[49],"tags":[],"class_list":{"0":"post-46874","1":"post","2":"type-post","3":"status-publish","4":"format-standard","5":"has-post-thumbnail","7":"category-social"},"_links":{"self":[{"href":"https:\/\/jms.com.bo\/mediamonitor\/wp-json\/wp\/v2\/posts\/46874","targetHints":{"allow":["GET"]}}],"collection":[{"href":"https:\/\/jms.com.bo\/mediamonitor\/wp-json\/wp\/v2\/posts"}],"about":[{"href":"https:\/\/jms.com.bo\/mediamonitor\/wp-json\/wp\/v2\/types\/post"}],"author":[{"embeddable":true,"href":"https:\/\/jms.com.bo\/mediamonitor\/wp-json\/wp\/v2\/users\/4"}],"replies":[{"embeddable":true,"href":"https:\/\/jms.com.bo\/mediamonitor\/wp-json\/wp\/v2\/comments?post=46874"}],"version-history":[{"count":0,"href":"https:\/\/jms.com.bo\/mediamonitor\/wp-json\/wp\/v2\/posts\/46874\/revisions"}],"wp:featuredmedia":[{"embeddable":true,"href":"https:\/\/jms.com.bo\/mediamonitor\/wp-json\/wp\/v2\/media\/46875"}],"wp:attachment":[{"href":"https:\/\/jms.com.bo\/mediamonitor\/wp-json\/wp\/v2\/media?parent=46874"}],"wp:term":[{"taxonomy":"category","embeddable":true,"href":"https:\/\/jms.com.bo\/mediamonitor\/wp-json\/wp\/v2\/categories?post=46874"},{"taxonomy":"post_tag","embeddable":true,"href":"https:\/\/jms.com.bo\/mediamonitor\/wp-json\/wp\/v2\/tags?post=46874"}],"curies":[{"name":"wp","href":"https:\/\/api.w.org\/{rel}","templated":true}]}}