{"id":46876,"date":"2023-03-29T06:58:22","date_gmt":"2023-03-29T10:58:22","guid":{"rendered":"https:\/\/jms.com.bo\/mediamonitor\/2023\/03\/29\/declaran-estado-de-emergencia-en-cobija-por-crecida-del-rio-acre-hay-mas-de-800-personas-en-refugios\/"},"modified":"2023-03-29T06:58:22","modified_gmt":"2023-03-29T10:58:22","slug":"declaran-estado-de-emergencia-en-cobija-por-crecida-del-rio-acre-hay-mas-de-800-personas-en-refugios","status":"publish","type":"post","link":"https:\/\/jms.com.bo\/mediamonitor\/2023\/03\/29\/declaran-estado-de-emergencia-en-cobija-por-crecida-del-rio-acre-hay-mas-de-800-personas-en-refugios\/","title":{"rendered":"Declaran estado de emergencia en Cobija por crecida del r\u00edo Acre, hay m\u00e1s de 800 personas en refugios"},"content":{"rendered":"<p>La alcaldesa de Cobija, Ana Luc\u00eda Reis, declar\u00f3 estado de emergencia en Cobija por la crecida del r\u00edo Acre. El presidente del Concejo municipal, Juan Manuel Ruiz, inform\u00f3 que hay m\u00e1s de 800 personas en refugios a ra\u00edz de las inundaciones.<\/p>\n<p>\u201cLa situaci\u00f3n se pone cada vez m\u00e1s dif\u00edcil, por lo que hoy (este martes), se decidi\u00f3 declarar en estado de emergencia\u201d, manifest\u00f3 Reis y anunci\u00f3 un censo para cuantificar los da\u00f1os.<\/p>\n<p>\u201cVamos a trabajar en un censo, porque una vez declaramos estado de emergencia tenemos que responder por cada centavo que vamos a invertir. Estamos viviendo en una situaci\u00f3n muy delicada, por lo que cada inversi\u00f3n debe estar justificada\u201d, expres\u00f3.<\/p>\n<p>La alcaldesa de Cobija remarc\u00f3 que la declaratoria de emergencia permitir\u00e1 la utilizaci\u00f3n de recursos de manera m\u00e1s r\u00e1pida, aunque se\u00f1al\u00f3 que los recursos de la unidad de riesgos que ascienden a 95.000 bolivianos ya fueron utilizados.<\/p>\n<p>Por su parte, el presidente del concejo municipal Juan Manuel Ruiz se\u00f1al\u00f3 que se tienen m\u00e1s de 800 personas en los refugios.<\/p>\n<p>\u201cTenemos alrededor de 824 personas en distintos refugios donde necesitan lo que viene a ser la alimentaci\u00f3n, tratamiento m\u00e9dico y distintos insumos que se hace para el d\u00eda a d\u00eda y gastos\u201d, manifest\u00f3.<\/p>\n<p>Los cinco albergues habilitados para los damnificados se encuentran en: el Coliseo La Peta, Coliseo 27 de Mayo, Coliseo Vaca D\u00edez, Coliseo Huari y Coliseo UAP.<\/p>\n<p>Seg\u00fan la Armada Boliviana se tiene 180 familias afectadas por las inundaciones en el municipio de Cobija.<\/p>\n<p>\u201cSon m\u00e1s de 180 familias afectadas por las inundaciones, lleg\u00e1ndose a evacuar, desde los Barrios Mapajo, Villamontes, Frontera y Cataratas, entre otros sectores, traslad\u00e1ndolos a distintos lugares de acogida, poni\u00e9ndolos bajo buen recaudo\u201d se\u00f1al\u00f3, el Comandante del Sexto Distrito Naval \u201cPando\u201d, Alberto Pio Loza Machaca.<\/p>\n<p>Los datos de Unidad de Gesti\u00f3n de Riesgo de Cobija establecieron que el nivel de agua del r\u00edo Acre lleg\u00f3 a 11,96 cm hasta las 18:49 de hoy, por encima del nivel l\u00edmite.<\/p>\n<p>&nbsp;<\/p>\n","protected":false},"excerpt":{"rendered":"<p>La alcaldesa de Cobija, Ana Luc\u00eda Reis, declar\u00f3 estado de emergencia en Cobija por la crecida del r\u00edo Acre. El presidente del Concejo municipal, Juan Manuel Ruiz, inform\u00f3 que hay m\u00e1s de 800 personas en refugios a ra\u00edz de las inundaciones. \u201cLa situaci\u00f3n se pone cada vez m\u00e1s dif\u00edcil, por lo que hoy (este martes), [&hellip;]<\/p>\n","protected":false},"author":4,"featured_media":46877,"comment_status":"open","ping_status":"closed","sticky":false,"template":"","format":"standard","meta":{"footnotes":""},"categories":[20],"tags":[],"class_list":{"0":"post-46876","1":"post","2":"type-post","3":"status-publish","4":"format-standard","5":"has-post-thumbnail","7":"category-actualidad"},"_links":{"self":[{"href":"https:\/\/jms.com.bo\/mediamonitor\/wp-json\/wp\/v2\/posts\/46876","targetHints":{"allow":["GET"]}}],"collection":[{"href":"https:\/\/jms.com.bo\/mediamonitor\/wp-json\/wp\/v2\/posts"}],"about":[{"href":"https:\/\/jms.com.bo\/mediamonitor\/wp-json\/wp\/v2\/types\/post"}],"author":[{"embeddable":true,"href":"https:\/\/jms.com.bo\/mediamonitor\/wp-json\/wp\/v2\/users\/4"}],"replies":[{"embeddable":true,"href":"https:\/\/jms.com.bo\/mediamonitor\/wp-json\/wp\/v2\/comments?post=46876"}],"version-history":[{"count":0,"href":"https:\/\/jms.com.bo\/mediamonitor\/wp-json\/wp\/v2\/posts\/46876\/revisions"}],"wp:featuredmedia":[{"embeddable":true,"href":"https:\/\/jms.com.bo\/mediamonitor\/wp-json\/wp\/v2\/media\/46877"}],"wp:attachment":[{"href":"https:\/\/jms.com.bo\/mediamonitor\/wp-json\/wp\/v2\/media?parent=46876"}],"wp:term":[{"taxonomy":"category","embeddable":true,"href":"https:\/\/jms.com.bo\/mediamonitor\/wp-json\/wp\/v2\/categories?post=46876"},{"taxonomy":"post_tag","embeddable":true,"href":"https:\/\/jms.com.bo\/mediamonitor\/wp-json\/wp\/v2\/tags?post=46876"}],"curies":[{"name":"wp","href":"https:\/\/api.w.org\/{rel}","templated":true}]}}