{"id":46879,"date":"2023-03-29T07:02:13","date_gmt":"2023-03-29T11:02:13","guid":{"rendered":"https:\/\/jms.com.bo\/mediamonitor\/2023\/03\/29\/postergan-hasta-el-12-de-abril-el-juicio-oral-por-danos-a-la-planta-de-urea-y-amoniaco\/"},"modified":"2023-03-29T07:02:13","modified_gmt":"2023-03-29T11:02:13","slug":"postergan-hasta-el-12-de-abril-el-juicio-oral-por-danos-a-la-planta-de-urea-y-amoniaco","status":"publish","type":"post","link":"https:\/\/jms.com.bo\/mediamonitor\/2023\/03\/29\/postergan-hasta-el-12-de-abril-el-juicio-oral-por-danos-a-la-planta-de-urea-y-amoniaco\/","title":{"rendered":"Postergan hasta el 12 de abril el juicio oral por da\u00f1os a la planta de urea y amoniaco"},"content":{"rendered":"<p style=\"text-align: justify;\">El juicio oral contra cuatro exautoridades del gobierno transitorio de Jeanine \u00c1\u00f1ez, acusados de la paralizaci\u00f3n de la planta de urea y amoniaco en el tr\u00f3pico de Cochabamba, se posterg\u00f3 hasta el 12 de abril debido a la alta carga laboral del juez.<\/p>\n<p style=\"text-align: justify;\">Est\u00e1n acusados en el caso el exministro de Hidrocarburos V\u00edctor Hugo Zamora, y otros cinco exaltos cargos de la estatal Yacimientos Petrol\u00edferos Fiscales Bolivianos (YPFB).<\/p>\n<p style=\"text-align: justify;\">Antonio Terceros, presidente del Colegio de Petroleros de Cochabamba, confirm\u00f3 la postergaci\u00f3n del proceso hasta el pr\u00f3ximo mes.<\/p>\n<p style=\"text-align: justify;\">\u201cHay seis personas implicadas y dos no se han presentado, Zamora y el expresidente de YPFB Herland Soliz. Los otros cuatro acusados estaban presentes. Fue suspendido por un tema de carga laboral del juez\u201d, explic\u00f3.<\/p>\n<p style=\"text-align: justify;\">Indic\u00f3 que otros procesos estaban previamente programados, por lo que este fue diferido hasta el 12 de abril. El juicio se realizar\u00e1 en Ivirgarzama.<\/p>\n<p style=\"text-align: justify;\">El Ministerio de Hidrocarburos anunci\u00f3 en su momento que pedir\u00e1 ocho a\u00f1os de c\u00e1rcel para los implicados en los graves da\u00f1os econ\u00f3micos causados a la planta de Bulo Bulo entre 2019 y 2020.<\/p>\n<p style=\"text-align: justify;\">Zamora y Soliz fueron declarados en rebeld\u00eda y se presume que estar\u00edan fuera del pa\u00eds. Los otros acusados est\u00e1n con medidas cautelares.<\/p>\n<p style=\"text-align: justify;\">Da\u00f1os en la planta<br \/>\nEsas personas est\u00e1n acusadas por la paralizaci\u00f3n del complejo industrial. Esto gener\u00f3 p\u00e9rdidas econ\u00f3micas para el Estado debido a la falta de producci\u00f3n y comercializaci\u00f3n del fertilizante. Tambi\u00e9n se los responsabiliza de da\u00f1os a equipos de alto valor como turbinas y calderos.<\/p>\n<p style=\"text-align: justify;\">De acuerdo con Terceros, en este caso se ha ocasionado un da\u00f1o econ\u00f3mico de m\u00e1s de $us 400 millones.<\/p>\n<p style=\"text-align: justify;\">Remarc\u00f3 que la paralizaci\u00f3n provoc\u00f3 un da\u00f1o de 243 millones de d\u00f3lares. Se suman las p\u00e9rdidas acumuladas hasta el d\u00eda de la reactivaci\u00f3n de la planta.<\/p>\n<p style=\"text-align: justify;\">La Fiscal\u00eda sustentar\u00e1 la acusaci\u00f3n formal con 11 pruebas testificales, 73 documentales, requeridas y secuestradas de las instituciones involucradas.<\/p>\n<p style=\"text-align: justify;\">Adem\u00e1s, ofreci\u00f3 una prueba pericial de auditor\u00eda forense a desarrollarse por el Instituto de Investigaciones Forenses para cuantificar el total de da\u00f1o econ\u00f3mico generado al Estado.<\/p>\n","protected":false},"excerpt":{"rendered":"<p>El juicio oral contra cuatro exautoridades del gobierno transitorio de Jeanine \u00c1\u00f1ez, acusados de la paralizaci\u00f3n de la planta de urea y amoniaco en el tr\u00f3pico de Cochabamba, se posterg\u00f3 hasta el 12 de abril debido a la alta carga laboral del juez. Est\u00e1n acusados en el caso el exministro de Hidrocarburos V\u00edctor Hugo Zamora, [&hellip;]<\/p>\n","protected":false},"author":4,"featured_media":46880,"comment_status":"open","ping_status":"closed","sticky":false,"template":"","format":"standard","meta":{"footnotes":""},"categories":[20,47,48],"tags":[],"class_list":{"0":"post-46879","1":"post","2":"type-post","3":"status-publish","4":"format-standard","5":"has-post-thumbnail","7":"category-actualidad","8":"category-portada-actualidad","9":"category-portada-general-sitio"},"_links":{"self":[{"href":"https:\/\/jms.com.bo\/mediamonitor\/wp-json\/wp\/v2\/posts\/46879","targetHints":{"allow":["GET"]}}],"collection":[{"href":"https:\/\/jms.com.bo\/mediamonitor\/wp-json\/wp\/v2\/posts"}],"about":[{"href":"https:\/\/jms.com.bo\/mediamonitor\/wp-json\/wp\/v2\/types\/post"}],"author":[{"embeddable":true,"href":"https:\/\/jms.com.bo\/mediamonitor\/wp-json\/wp\/v2\/users\/4"}],"replies":[{"embeddable":true,"href":"https:\/\/jms.com.bo\/mediamonitor\/wp-json\/wp\/v2\/comments?post=46879"}],"version-history":[{"count":0,"href":"https:\/\/jms.com.bo\/mediamonitor\/wp-json\/wp\/v2\/posts\/46879\/revisions"}],"wp:featuredmedia":[{"embeddable":true,"href":"https:\/\/jms.com.bo\/mediamonitor\/wp-json\/wp\/v2\/media\/46880"}],"wp:attachment":[{"href":"https:\/\/jms.com.bo\/mediamonitor\/wp-json\/wp\/v2\/media?parent=46879"}],"wp:term":[{"taxonomy":"category","embeddable":true,"href":"https:\/\/jms.com.bo\/mediamonitor\/wp-json\/wp\/v2\/categories?post=46879"},{"taxonomy":"post_tag","embeddable":true,"href":"https:\/\/jms.com.bo\/mediamonitor\/wp-json\/wp\/v2\/tags?post=46879"}],"curies":[{"name":"wp","href":"https:\/\/api.w.org\/{rel}","templated":true}]}}