{"id":46881,"date":"2023-03-29T07:04:46","date_gmt":"2023-03-29T11:04:46","guid":{"rendered":"https:\/\/jms.com.bo\/mediamonitor\/2023\/03\/29\/cuellar-camacho-calvo-y-otras-dos-autoridades-estaran-frente-al-juez-este-miercoles-debido-al-proceso-por-el-paro-de-36-dias\/"},"modified":"2023-03-29T07:04:46","modified_gmt":"2023-03-29T11:04:46","slug":"cuellar-camacho-calvo-y-otras-dos-autoridades-estaran-frente-al-juez-este-miercoles-debido-al-proceso-por-el-paro-de-36-dias","status":"publish","type":"post","link":"https:\/\/jms.com.bo\/mediamonitor\/2023\/03\/29\/cuellar-camacho-calvo-y-otras-dos-autoridades-estaran-frente-al-juez-este-miercoles-debido-al-proceso-por-el-paro-de-36-dias\/","title":{"rendered":"Cu\u00e9llar, Camacho, Calvo y otras dos autoridades estar\u00e1n frente al juez este mi\u00e9rcoles debido al proceso por el paro de 36 d\u00edas"},"content":{"rendered":"<p style=\"text-align: justify;\">Este mi\u00e9rcoles, a las 09:00 de la ma\u00f1ana, cinco personas que conformaron el Comit\u00e9 Interinstitucional estar\u00e1n en una audiencia virtual de medidas cautelares, en un proceso que se apertur\u00f3 en La Paz por el paro que dur\u00f3 36 d\u00edas en Santa Cruz, en demanda por la realizaci\u00f3n del Censo de Poblaci\u00f3n y Vivienda.<\/p>\n<p style=\"text-align: justify;\">Los acusados son el gobernador Luis Fernando Camacho, el rector de la Universidad Aut\u00f3noma Gabriel Ren\u00e9 Moreno (Uagrm) Vicente Cu\u00e9llar, el vicerrector Reinerio Vargas, el expresidente del Comit\u00e9 C\u00edvico R\u00f3mulo Calvo y el asesor legal del Comit\u00e9 Interinstitucional, Jos\u00e9 Luis Santistevan.<\/p>\n<p style=\"text-align: justify;\">El proceso fue iniciado por Juan Marcelo Mayta, secretario Ejecutivo de la Central Obrera Regional (COR) de El Alto, denuncia que se admiti\u00f3 el 11 de noviembre de 2022 en la Fiscal\u00eda de La Paz, seg\u00fan confirm\u00f3 en aquella oportunidad el fiscal general del Estado, Juan Lanchipa.<\/p>\n<p style=\"text-align: justify;\">Las cinco personas son acusadas por terrorismo y otros presuntos delitos que pudieron haberse cometido en Santa Cruz, tales como el de discriminaci\u00f3n, atentado contra la libertad del trabajo, atentado contra los servicios p\u00fablicos y uso indebido de influencias, entre otros.<\/p>\n<p style=\"text-align: justify;\">Cu\u00e9llar inform\u00f3 que fue notificado y espera que durante la audiencia los administradores de justicia puedan actuar respetando los derechos fundamentales de los procesados y que se tutelen las garant\u00edas.<\/p>\n<p style=\"text-align: justify;\">\u201cEs una barbaridad que nosotros seamos procesados por jueces que est\u00e1n a mil kil\u00f3metros de distancia y que hayan asumido competencia solamente porque as\u00ed lo dispone un Decreto Supremo, el 138, y ese Decreto Supremo est\u00e1 por debajo de la ley\u201d, afirm\u00f3.<\/p>\n<p style=\"text-align: justify;\">Calific\u00f3 el proceso como un \u201cabuso de poder y persecuci\u00f3n pol\u00edtica a los que piensan diferente\u201d.<\/p>\n<p style=\"text-align: justify;\">Por su parte, el constitucionalista Santistevan explic\u00f3 que la Sala Penal debe resolver un incidente que present\u00f3 la defensa de Camacho, en el que observa la falta competencia del juez pace\u00f1o para llevar adelante la audiencia.<\/p>\n<p style=\"text-align: justify;\">Consider\u00f3 que este proceso busca sentar un precedente para \u201ccriminalizar las protestas\u201d, sentar un escarmiento y que de esta manera la ciudadan\u00eda no reclame ante el Gobierno.<\/p>\n<p style=\"text-align: justify;\">\u201cEsa acusaci\u00f3n no tiene ni pies ni cabeza\u201d, dijo.<\/p>\n","protected":false},"excerpt":{"rendered":"<p>Este mi\u00e9rcoles, a las 09:00 de la ma\u00f1ana, cinco personas que conformaron el Comit\u00e9 Interinstitucional estar\u00e1n en una audiencia virtual de medidas cautelares, en un proceso que se apertur\u00f3 en La Paz por el paro que dur\u00f3 36 d\u00edas en Santa Cruz, en demanda por la realizaci\u00f3n del Censo de Poblaci\u00f3n y Vivienda. Los acusados [&hellip;]<\/p>\n","protected":false},"author":4,"featured_media":46882,"comment_status":"open","ping_status":"closed","sticky":false,"template":"","format":"standard","meta":{"footnotes":""},"categories":[18],"tags":[],"class_list":{"0":"post-46881","1":"post","2":"type-post","3":"status-publish","4":"format-standard","5":"has-post-thumbnail","7":"category-politica"},"_links":{"self":[{"href":"https:\/\/jms.com.bo\/mediamonitor\/wp-json\/wp\/v2\/posts\/46881","targetHints":{"allow":["GET"]}}],"collection":[{"href":"https:\/\/jms.com.bo\/mediamonitor\/wp-json\/wp\/v2\/posts"}],"about":[{"href":"https:\/\/jms.com.bo\/mediamonitor\/wp-json\/wp\/v2\/types\/post"}],"author":[{"embeddable":true,"href":"https:\/\/jms.com.bo\/mediamonitor\/wp-json\/wp\/v2\/users\/4"}],"replies":[{"embeddable":true,"href":"https:\/\/jms.com.bo\/mediamonitor\/wp-json\/wp\/v2\/comments?post=46881"}],"version-history":[{"count":0,"href":"https:\/\/jms.com.bo\/mediamonitor\/wp-json\/wp\/v2\/posts\/46881\/revisions"}],"wp:featuredmedia":[{"embeddable":true,"href":"https:\/\/jms.com.bo\/mediamonitor\/wp-json\/wp\/v2\/media\/46882"}],"wp:attachment":[{"href":"https:\/\/jms.com.bo\/mediamonitor\/wp-json\/wp\/v2\/media?parent=46881"}],"wp:term":[{"taxonomy":"category","embeddable":true,"href":"https:\/\/jms.com.bo\/mediamonitor\/wp-json\/wp\/v2\/categories?post=46881"},{"taxonomy":"post_tag","embeddable":true,"href":"https:\/\/jms.com.bo\/mediamonitor\/wp-json\/wp\/v2\/tags?post=46881"}],"curies":[{"name":"wp","href":"https:\/\/api.w.org\/{rel}","templated":true}]}}