{"id":46883,"date":"2023-03-29T07:06:49","date_gmt":"2023-03-29T11:06:49","guid":{"rendered":"https:\/\/jms.com.bo\/mediamonitor\/2023\/03\/29\/la-asamblea-abre-registro-de-candidatos-a-las-elecciones-judiciales-la-repostulacion-de-magistrados-esta-prohibida\/"},"modified":"2023-03-29T07:06:49","modified_gmt":"2023-03-29T11:06:49","slug":"la-asamblea-abre-registro-de-candidatos-a-las-elecciones-judiciales-la-repostulacion-de-magistrados-esta-prohibida","status":"publish","type":"post","link":"https:\/\/jms.com.bo\/mediamonitor\/2023\/03\/29\/la-asamblea-abre-registro-de-candidatos-a-las-elecciones-judiciales-la-repostulacion-de-magistrados-esta-prohibida\/","title":{"rendered":"La Asamblea abre registro de candidatos a las elecciones judiciales; la repostulaci\u00f3n de magistrados est\u00e1 prohibida"},"content":{"rendered":"<p style=\"text-align: justify;\">La Comisi\u00f3n Mixta de Constituci\u00f3n de la Asamblea Legislativa abrir\u00e1 este mi\u00e9rcoles \u2014por 18 d\u00edas\u2014 la recepci\u00f3n de postulantes para las elecciones judiciales.<\/p>\n<p style=\"text-align: justify;\">El reglamento de preselecci\u00f3n, aprobado el lunes, impide que las actuales autoridades vuelvan a postularse, se\u00f1ala un bolet\u00edn de la agencia ABI.<\/p>\n<p style=\"text-align: justify;\">Las personas que sean seleccionadas podr\u00e1n candidatear para formar parte. Del \u00d3rgano Judicial y del Tribunal Constitucional Plurinacional (TCP), en los comicios previstos para fines de octubre.<\/p>\n<p style=\"text-align: justify;\">Este plazo se extender\u00e1 hasta el 15 de abril. El registro de postulantes estar\u00e1 habilitado desde las 08.30 hasta las 12.00 y de 14.30 a 18.00, de lunes a viernes.<\/p>\n<p style=\"text-align: justify;\">En tanto, los d\u00edas s\u00e1bado, domingo o feriados, la recepci\u00f3n de postulaciones ser\u00e1 desde las 08.00 hasta las 12.00. El registro ser\u00e1 en oficinas de las comisiones mixtas respectivas, en inmediaciones de la plaza Murillo de la ciudad de La Paz.<\/p>\n<p style=\"text-align: justify;\">\u201cSe registrar\u00e1n a todos los postulantes que, a horas 12h00 del d\u00eda 15 de abril, \u00faltimo d\u00eda de presentaci\u00f3n de postulaciones\u00bb. \u00abSe encuentren en instalaciones de las Comisiones Mixtas encargadas de los procesos de preselecci\u00f3n\u201d (sic), establece la convocatoria.<\/p>\n<p style=\"text-align: justify;\">Asamblea<br \/>\nLa n\u00f3mina de postulantes registrados se publicar\u00e1 el 16 de abril en las p\u00e1ginas web y redes sociales. De la Presidencia de la Asamblea Legislativa Plurinacional-Vicepresidencia del Estado, de la C\u00e1mara de Diputados y de la C\u00e1mara de Senadores.<\/p>\n<p style=\"text-align: justify;\">Las y los postulantes podr\u00e1n presentarse de manera individual y directa o ser propuestos a trav\u00e9s de organizaciones. De la sociedad civil o de naciones o pueblos ind\u00edgena originario campesinos.<\/p>\n<p style=\"text-align: justify;\">Adem\u00e1s, podr\u00e1n ser presentados por universidades p\u00fablicas o privadas, asociaciones de profesionales u otras instituciones civiles legalmente reconocidas.<\/p>\n<p style=\"text-align: justify;\">Elecciones judiciales<br \/>\nDeber\u00e1n adjuntar a su postulaci\u00f3n, una copia de la cedula de identidad y carta de inter\u00e9s firmada. Deben se\u00f1alar la instituci\u00f3n a la que postula (Tribunal Constitucional Plurinacional, Tribunal Supremo de Justicia, Tribunal Agroambiental o Consejo de la Magistratura).<\/p>\n<p style=\"text-align: justify;\">Los interesados en ser magistrados del Tribunal Supremo de Justicia y Tribunal Constitucional Plurinacional deber\u00e1n hacer conocer la circunscripci\u00f3n departamental a la cual representar\u00e1n.<\/p>\n<p style=\"text-align: justify;\">En tanto, los postulantes de origen ind\u00edgena originario campesino deber\u00e1n declarar su autoidentificaci\u00f3n.<\/p>\n<p style=\"text-align: justify;\">Adjunto a la carta, se debe presentar, en sobre cerrado, la hoja de vida, as\u00ed como el respaldo documental correspondiente.<\/p>\n<p style=\"text-align: justify;\">Repostulaci\u00f3n<br \/>\nEl sobre cerrado deber\u00e1 tener un rotulo donde se incluya el nombre completo del postulante. Tambi\u00e9n, la c\u00e9dula de identidad, n\u00famero telef\u00f3nico, direcci\u00f3n del domicilio, correo electr\u00f3nico.<\/p>\n<p style=\"text-align: justify;\">Asimismo, el cargo al que postulan (con detalle de departamento cuando corresponda) e instituci\u00f3n a la que postula. Adem\u00e1s de la circunscripci\u00f3n departamental a la cual representar\u00e1n, cuando corresponda.<\/p>\n<p style=\"text-align: justify;\">La norma establece que no pueden postularse al mismo cargo quienes fueron electas o electos magistradas o magistrados. Del Tribunal Constitucional, Tribunal Supremo de Justicia, Tribunal Agroambiental, Consejo de la Magistratura, en 2017.<\/p>\n<p style=\"text-align: justify;\">Magistrados<br \/>\nEsa restricci\u00f3n a la repostulaci\u00f3n fue solicita por los legislares de la oposici\u00f3n y fue incorporada en el reglamento por la comisi\u00f3n mixta.<\/p>\n<p style=\"text-align: justify;\">Adem\u00e1s de esas exigencias, los postulantes tendr\u00e1n que cumplir con otro conjunto de requisitos espec\u00edficos dependiendo de la entidad a la que aspiran.<\/p>\n","protected":false},"excerpt":{"rendered":"<p>La Comisi\u00f3n Mixta de Constituci\u00f3n de la Asamblea Legislativa abrir\u00e1 este mi\u00e9rcoles \u2014por 18 d\u00edas\u2014 la recepci\u00f3n de postulantes para las elecciones judiciales. El reglamento de preselecci\u00f3n, aprobado el lunes, impide que las actuales autoridades vuelvan a postularse, se\u00f1ala un bolet\u00edn de la agencia ABI. Las personas que sean seleccionadas podr\u00e1n candidatear para formar parte. [&hellip;]<\/p>\n","protected":false},"author":4,"featured_media":46884,"comment_status":"open","ping_status":"closed","sticky":false,"template":"","format":"standard","meta":{"footnotes":""},"categories":[18],"tags":[],"class_list":{"0":"post-46883","1":"post","2":"type-post","3":"status-publish","4":"format-standard","5":"has-post-thumbnail","7":"category-politica"},"_links":{"self":[{"href":"https:\/\/jms.com.bo\/mediamonitor\/wp-json\/wp\/v2\/posts\/46883","targetHints":{"allow":["GET"]}}],"collection":[{"href":"https:\/\/jms.com.bo\/mediamonitor\/wp-json\/wp\/v2\/posts"}],"about":[{"href":"https:\/\/jms.com.bo\/mediamonitor\/wp-json\/wp\/v2\/types\/post"}],"author":[{"embeddable":true,"href":"https:\/\/jms.com.bo\/mediamonitor\/wp-json\/wp\/v2\/users\/4"}],"replies":[{"embeddable":true,"href":"https:\/\/jms.com.bo\/mediamonitor\/wp-json\/wp\/v2\/comments?post=46883"}],"version-history":[{"count":0,"href":"https:\/\/jms.com.bo\/mediamonitor\/wp-json\/wp\/v2\/posts\/46883\/revisions"}],"wp:featuredmedia":[{"embeddable":true,"href":"https:\/\/jms.com.bo\/mediamonitor\/wp-json\/wp\/v2\/media\/46884"}],"wp:attachment":[{"href":"https:\/\/jms.com.bo\/mediamonitor\/wp-json\/wp\/v2\/media?parent=46883"}],"wp:term":[{"taxonomy":"category","embeddable":true,"href":"https:\/\/jms.com.bo\/mediamonitor\/wp-json\/wp\/v2\/categories?post=46883"},{"taxonomy":"post_tag","embeddable":true,"href":"https:\/\/jms.com.bo\/mediamonitor\/wp-json\/wp\/v2\/tags?post=46883"}],"curies":[{"name":"wp","href":"https:\/\/api.w.org\/{rel}","templated":true}]}}