{"id":46885,"date":"2023-03-29T07:08:24","date_gmt":"2023-03-29T11:08:24","guid":{"rendered":"https:\/\/jms.com.bo\/mediamonitor\/2023\/03\/29\/camacho-y-anez-denuncian-los-abusos-del-gobierno-ante-la-cidh\/"},"modified":"2023-03-29T07:08:24","modified_gmt":"2023-03-29T11:08:24","slug":"camacho-y-anez-denuncian-los-abusos-del-gobierno-ante-la-cidh","status":"publish","type":"post","link":"https:\/\/jms.com.bo\/mediamonitor\/2023\/03\/29\/camacho-y-anez-denuncian-los-abusos-del-gobierno-ante-la-cidh\/","title":{"rendered":"Camacho y \u00c1\u00f1ez denuncian los \u2018abusos\u2019 del Gobierno ante la CIDH"},"content":{"rendered":"<p style=\"text-align: justify;\">El gobernador de Santa Cruz, Luis Fernando Camacho, y la expresidenta transitoria Jeanine A\u00f1ez, desde las c\u00e1rceles de Chonchocoro y Miraflores, ambos en La Paz, se reunieron, por separado, con los miembros de la Comisi\u00f3n Interamericana de Derechos Humanos (CIDH) para denunciar los \u201cabusos\u201d del Gobierno que se cometieron desde que un juez decidi\u00f3 detenerlos por el caso golpe de Estado I.<\/p>\n<p style=\"text-align: justify;\">El gobernador enfoc\u00f3 su denuncia en las represiones policiales a fines del 2022 en Santa Cruz, ordenadas por el Ministerio de Gobierno contra los manifestantes que protagonizaron un paro de 36 d\u00edas a favor de la realizaci\u00f3n del censo y que, un mes m\u00e1s tarde, reclamaron por la aprehensi\u00f3n de Camacho.<\/p>\n<p style=\"text-align: justify;\">\u201cEl pedido m\u00e1s importante que realic\u00e9 a los comisionados de la CIDH es que se conforme un nuevo Grupo Interdisciplinario de Expertos Independiente (GIEI) para que investiguen las represiones brutales por la Polic\u00eda contra el pueblo cruce\u00f1o, que provocaron dolor y muerte en la sociedad civil que ejerc\u00eda su derecho a protestar pac\u00edficamente contra un Gobierno negligente\u201d, sostuvo el gobernador en su carta le\u00edda por el asesor Efra\u00edn Su\u00e1rez.<\/p>\n<p style=\"text-align: justify;\">Camacho aclar\u00f3 que la entrevista con los comisionados era \u201cnecesaria\u201d, no para quejarse de las \u201cviolaciones constantes\u201d a sus derechos desde el 28 de diciembre cuando se despleg\u00f3 un gran operativo para su arresto, sino prefiri\u00f3 relatar las movilizaciones de los 21 d\u00edas del a\u00f1o 2019, \u201ccuando junto al pueblo vencimos el fraude de Evo Morales y recuperamos nuestra democracia, esa democracia que ahora nuevamente se encuentra herida\u201d.<\/p>\n<p style=\"text-align: justify;\">La delegaci\u00f3n de la CIDH lleg\u00f3 a la c\u00e1rcel de Chonchocoro pasadas las 8:00 de la ma\u00f1ana de ayer. Hubo gran expectativa. En las puertas, estaban familiares y colaboradores del gobernador, adem\u00e1s de manifestantes a favor de las v\u00edctimas de la masacre de Senkata. La Polic\u00eda lleg\u00f3 al lugar para resguardar a los visitantes y evitar agresiones.<\/p>\n<p style=\"text-align: justify;\">Juan Carlos Limpias, director de R\u00e9gimen Penitenciario, dijo que la CIDH verific\u00f3 la situaci\u00f3n de todos los recluidos y el estado de los penales. Pero tambi\u00e9n aclar\u00f3 que los delegados entrevistaron a Camacho durante cerca de una hora y al dirigente cocalero C\u00e9sar Apaza por 40 minutos.<\/p>\n<p style=\"text-align: justify;\">\u201cLa misi\u00f3n tiene esa independencia de entrevistarse con todos los privados de libertad. Han solicitado entrevistar a Luis Fernando Camacho y a C\u00e9sar Apaza. Tuvieron el tiempo necesario. No solo visitaron a estos privados de libertad\u201d, sostuvo el funcionario.<\/p>\n<p style=\"text-align: justify;\">A inicio de marzo, Limpias reconoci\u00f3 que en Chonchocoro hay hacinamiento y un n\u00famero elevado de detenidos preventivos. Este a\u00f1o se registr\u00f3 la fuga de un peligroso preso brasile\u00f1o y hubo una pol\u00e9mica por el supuesto descubrimiento de una c\u00e1mara escondida en la celda de Camacho.<\/p>\n<p style=\"text-align: justify;\">Sobre la situaci\u00f3n de Apaza, el abogado Jorge Valda manifest\u00f3 que su defendido tiene par\u00e1lisis de medio cuerpo y es colaborado por dos internos, situaci\u00f3n que tom\u00f3 conocimiento el grupo de comisionados.<\/p>\n<p style=\"text-align: justify;\">\u201cDos detenidos preventivos lo ayudan a sentarse, a pararse y est\u00e1n haciendo artesanalmente fisioterapia a Julio C\u00e9sar. Han ingresado las comisionadas de la CIDH a ver y conversar con \u00e9l. Han podido evidenciar que Apaza vive en condiciones realmente complicadas en Chonchocoro\u201d, afirm\u00f3 el jurista al salir del penal ubicado en Viacha, El Alto.<\/p>\n<p style=\"text-align: justify;\">Cerca a las 14:00 de ayer, otro grupo de la Comisi\u00f3n a la cabeza del relator pa\u00eds Joel Hern\u00e1ndez ingresaron al recinto penitenciario de Miraflores. Es la primera vez que A\u00f1ez recibi\u00f3 la visita de los comisionados tras reiterados pedidos en dos a\u00f1os de detenci\u00f3n preventiva, desde marzo de 2021.<\/p>\n<p style=\"text-align: justify;\">\u201cLa expresidenta se ha reunido de forma privada con los miembros de la CIDH. Les ha manifestado todos los agravios y vulneraciones a sus derechos que ha sufrido en dos a\u00f1os y 15 d\u00edas, la falta del debido proceso y entreg\u00f3 informaci\u00f3n\u201d, detall\u00f3 la abogada Norka Cu\u00e9llar.<\/p>\n<p style=\"text-align: justify;\">En una hora de entrevista, A\u00f1ez tambi\u00e9n dijo que merece un juicio de responsabilidades y no un proceso penal como impuls\u00f3 el Gobierno. Pese a los inconvenientes que tuvo la exmandataria para recibir documentaci\u00f3n por parte de su hijo logr\u00f3 quedar satisfecha con la visita de los relatores.<\/p>\n<p style=\"text-align: justify;\">La exautoridad advirti\u00f3, en sus redes sociales, que d\u00edas previos a la visita de la delegaci\u00f3n internacional un grupo de mujeres detenidas fueron \u201cobligadas\u201d a pintar el exterior del penal y a arreglar las goteras. \u201cAbuso igual a la detenci\u00f3n pol\u00edtica y falta de salud\u201d, denunci\u00f3.<\/p>\n<p style=\"text-align: justify;\">Por otro lado, el 23 de marzo, en una carta dijo que luego de mucha insistencia la Defensor\u00eda del Pueblo la visit\u00f3 y que hasta se hizo arreglos en su celda.<\/p>\n<p style=\"text-align: justify;\">\u201cTambi\u00e9n despu\u00e9s de dos a\u00f1os, est\u00e1n arreglando las goteras y la canaleta que me provocaba que entre el agua por toda la pared en la celda que ocupo en el penal de Miraflores. \u2018Curiosamente\u2019, \u00bfser\u00e1 porque los representantes de la CIDH pretenden entrevistarse conmigo?\u201d, escribi\u00f3.<\/p>\n<p style=\"text-align: justify;\">A la salida de la visita a la c\u00e1rcel, los comisionados se toparon con manifestantes a favor de A\u00f1ez y que gritaban \u201c\u00a1CIDH, informen la verdad!\u201d.<br \/>\nMientras, los familiares del exc\u00edvico Marco Antonio Pumari reiteraron el pedido de visita en Potos\u00ed. El Conade se movilizar\u00e1 esta jornada para reclamar la presunta discriminaci\u00f3n con algunos \u201cpresos pol\u00edticos\u201d.<\/p>\n<p style=\"text-align: justify;\">Desde el MAS, el asamble\u00edsta Juan Carlos Iraola dijo que en Bolivia \u201cno existen perseguidos ni presos pol\u00edticos, sino personas que han cometido delitos y que vulneraron derechos de otros ciudadanos\u201d entre 2019 y 2020.<\/p>\n<p style=\"text-align: justify;\">La CIDH no solo visit\u00f3 las c\u00e1rceles, sino que se reuni\u00f3 con los jefes de bancada de las tres fuerzas pol\u00edticas en la Asamblea Legislativa Plurinacional. Desde Comunidad Ciudadana expresaron su preocupaci\u00f3n sobre el incumplimiento a las recomendaciones del GIEI y de Diego Garc\u00eda-Say\u00e1n sobre la reforma de la justicia.<\/p>\n<p style=\"text-align: justify;\">La delegaci\u00f3n lleg\u00f3 anoche a Santa Cruz para reunirse con autoridades y la sociedad civil. Otro grupo viajar\u00e1 a Sucre.<\/p>\n","protected":false},"excerpt":{"rendered":"<p>El gobernador de Santa Cruz, Luis Fernando Camacho, y la expresidenta transitoria Jeanine A\u00f1ez, desde las c\u00e1rceles de Chonchocoro y Miraflores, ambos en La Paz, se reunieron, por separado, con los miembros de la Comisi\u00f3n Interamericana de Derechos Humanos (CIDH) para denunciar los \u201cabusos\u201d del Gobierno que se cometieron desde que un juez decidi\u00f3 detenerlos [&hellip;]<\/p>\n","protected":false},"author":4,"featured_media":46886,"comment_status":"open","ping_status":"closed","sticky":false,"template":"","format":"standard","meta":{"footnotes":""},"categories":[18,48,46],"tags":[],"class_list":{"0":"post-46885","1":"post","2":"type-post","3":"status-publish","4":"format-standard","5":"has-post-thumbnail","7":"category-politica","8":"category-portada-general-sitio","9":"category-portada-politica"},"_links":{"self":[{"href":"https:\/\/jms.com.bo\/mediamonitor\/wp-json\/wp\/v2\/posts\/46885","targetHints":{"allow":["GET"]}}],"collection":[{"href":"https:\/\/jms.com.bo\/mediamonitor\/wp-json\/wp\/v2\/posts"}],"about":[{"href":"https:\/\/jms.com.bo\/mediamonitor\/wp-json\/wp\/v2\/types\/post"}],"author":[{"embeddable":true,"href":"https:\/\/jms.com.bo\/mediamonitor\/wp-json\/wp\/v2\/users\/4"}],"replies":[{"embeddable":true,"href":"https:\/\/jms.com.bo\/mediamonitor\/wp-json\/wp\/v2\/comments?post=46885"}],"version-history":[{"count":0,"href":"https:\/\/jms.com.bo\/mediamonitor\/wp-json\/wp\/v2\/posts\/46885\/revisions"}],"wp:featuredmedia":[{"embeddable":true,"href":"https:\/\/jms.com.bo\/mediamonitor\/wp-json\/wp\/v2\/media\/46886"}],"wp:attachment":[{"href":"https:\/\/jms.com.bo\/mediamonitor\/wp-json\/wp\/v2\/media?parent=46885"}],"wp:term":[{"taxonomy":"category","embeddable":true,"href":"https:\/\/jms.com.bo\/mediamonitor\/wp-json\/wp\/v2\/categories?post=46885"},{"taxonomy":"post_tag","embeddable":true,"href":"https:\/\/jms.com.bo\/mediamonitor\/wp-json\/wp\/v2\/tags?post=46885"}],"curies":[{"name":"wp","href":"https:\/\/api.w.org\/{rel}","templated":true}]}}