{"id":46889,"date":"2023-03-29T07:12:29","date_gmt":"2023-03-29T11:12:29","guid":{"rendered":"https:\/\/jms.com.bo\/mediamonitor\/2023\/03\/29\/empresarios-privados-de-bolivia-afirman-que-el-dialogo-y-la-unidad-son-utiles-en-la-bonanza-e-imprescindibles-en-la-incertidumbre\/"},"modified":"2023-03-29T07:12:29","modified_gmt":"2023-03-29T11:12:29","slug":"empresarios-privados-de-bolivia-afirman-que-el-dialogo-y-la-unidad-son-utiles-en-la-bonanza-e-imprescindibles-en-la-incertidumbre","status":"publish","type":"post","link":"https:\/\/jms.com.bo\/mediamonitor\/2023\/03\/29\/empresarios-privados-de-bolivia-afirman-que-el-dialogo-y-la-unidad-son-utiles-en-la-bonanza-e-imprescindibles-en-la-incertidumbre\/","title":{"rendered":"Empresarios Privados de Bolivia afirman que el di\u00e1logo y la unidad \u201cson \u00fatiles en la bonanza e imprescindibles en la incertidumbre\u201d"},"content":{"rendered":"<p style=\"text-align: justify;\">La Confederaci\u00f3n de Empresarios Privados de Bolivia (CEPB) se dirigi\u00f3 este martes a los gobernantes, pol\u00edticos de oficialismo y oposici\u00f3n, adem\u00e1s de empresarios y trabajadores, para conminarles directamente tres objetivos: plantear alternativas, encontrar soluciones y concertaci\u00f3n, ante la situaci\u00f3n econ\u00f3mica que atraviesa el pa\u00eds.<\/p>\n<p style=\"text-align: justify;\">El comunicado llega en medio del vaiv\u00e9n de acusaciones que se lanzaron desde el fin de semana y ayer entre el expresidente Evo Morales y el ministro de Econom\u00eda y Finanzas P\u00fablicas, Marcelo Montenegro.<\/p>\n<p style=\"text-align: justify;\">Durante el aniversario del Movimiento Al Socialismo (MAS), que se realiz\u00f3 en Cochabamba y con la presencia del presidente Luis Arce y el vicepresidente David Choquehuanca, Morales pidi\u00f3 a la dupla de mandatarios a \u201calejar del equipo econ\u00f3mico a los ortodoxos conservadores\u201d que bajo el pretexto de \u201cbajar la inflaci\u00f3n o evitar la inflaci\u00f3n, lo que hace es someterse a la disciplina fiscal del Fondo Monetario Internacional (FMI), cuidando la macroeconom\u00eda para castigar a los peque\u00f1os productores y la gente pobre, eso es lo que estamos viviendo\u201d.<\/p>\n<p style=\"text-align: justify;\">La respuesta de Montenegro no se dej\u00f3 esperar, pues a la ma\u00f1ana del lunes acus\u00f3 al l\u00edder del MAS por la ausencia de \u201cinversiones agresivas\u201d en la exploraci\u00f3n de hidrocarburos para incrementar la producci\u00f3n de gas natural.<\/p>\n<p style=\"text-align: justify;\">En ese sentido, se\u00f1al\u00f3 que se registr\u00f3 una ca\u00edda en los niveles de producci\u00f3n como resultado de que YPFB no realiz\u00f3 las inversiones necesarias para seguir manteniendo los vol\u00famenes de producci\u00f3n de gas.<\/p>\n<p style=\"text-align: justify;\">A trav\u00e9s de un tuit, la CEPB puso pa\u00f1os fr\u00edos al conflicto y se\u00f1al\u00f3 que \u201cno es momento de buscar responsables o errores\u201d y remarc\u00f3 que \u201cla unidad y el consenso son \u00fatiles en la bonanza e imprescindibles en la incertidumbre\u201d.<\/p>\n<p style=\"text-align: justify;\">En entrevista con EL DEBER, el expresidente de los Empresarios Privados de Bolivia, Luis Barbery, sostuvo que existe una l\u00ednea invariable y es a trav\u00e9s del di\u00e1logo con una participaci\u00f3n eficaz del empresario privado.<\/p>\n<p style=\"text-align: justify;\">Consider\u00f3 que se debe aprovechar las condiciones para generar inversi\u00f3n, atraer capital y empleos, pero para encontrar los puntos mencionados es importante una reuni\u00f3n y que desde el Estado se permita el aporte del sector privado en los problemas que afronta el pa\u00eds.<\/p>\n<p style=\"text-align: justify;\">Sobre la situaci\u00f3n econ\u00f3mica que atraviesa el pa\u00eds, Barbery opin\u00f3 que se debe actuar en base a la realidad porque los ingresos por exportaci\u00f3n a hidrocarburos contin\u00faan cayendo y se redujo la disponibilidad de divisas.<\/p>\n<p style=\"text-align: justify;\">\u201cEsos problemas hay que atacarlos, no son de f\u00e1cil soluci\u00f3n y de corto plazo. El Gobierno tiene que promover las exportaciones, programas que reduzcan las importaciones, se deben encarar los programas de etanol si queremos ser exportadores eficientes en materia agr\u00edcola, as\u00ed como la biotecnolog\u00eda. Son muchas cosas por las que debemos sentarnos a conversar\u201d, afirm\u00f3.<\/p>\n","protected":false},"excerpt":{"rendered":"<p>La Confederaci\u00f3n de Empresarios Privados de Bolivia (CEPB) se dirigi\u00f3 este martes a los gobernantes, pol\u00edticos de oficialismo y oposici\u00f3n, adem\u00e1s de empresarios y trabajadores, para conminarles directamente tres objetivos: plantear alternativas, encontrar soluciones y concertaci\u00f3n, ante la situaci\u00f3n econ\u00f3mica que atraviesa el pa\u00eds. El comunicado llega en medio del vaiv\u00e9n de acusaciones que se [&hellip;]<\/p>\n","protected":false},"author":4,"featured_media":46890,"comment_status":"open","ping_status":"closed","sticky":false,"template":"","format":"standard","meta":{"footnotes":""},"categories":[25],"tags":[],"class_list":{"0":"post-46889","1":"post","2":"type-post","3":"status-publish","4":"format-standard","5":"has-post-thumbnail","7":"category-economia"},"_links":{"self":[{"href":"https:\/\/jms.com.bo\/mediamonitor\/wp-json\/wp\/v2\/posts\/46889","targetHints":{"allow":["GET"]}}],"collection":[{"href":"https:\/\/jms.com.bo\/mediamonitor\/wp-json\/wp\/v2\/posts"}],"about":[{"href":"https:\/\/jms.com.bo\/mediamonitor\/wp-json\/wp\/v2\/types\/post"}],"author":[{"embeddable":true,"href":"https:\/\/jms.com.bo\/mediamonitor\/wp-json\/wp\/v2\/users\/4"}],"replies":[{"embeddable":true,"href":"https:\/\/jms.com.bo\/mediamonitor\/wp-json\/wp\/v2\/comments?post=46889"}],"version-history":[{"count":0,"href":"https:\/\/jms.com.bo\/mediamonitor\/wp-json\/wp\/v2\/posts\/46889\/revisions"}],"wp:featuredmedia":[{"embeddable":true,"href":"https:\/\/jms.com.bo\/mediamonitor\/wp-json\/wp\/v2\/media\/46890"}],"wp:attachment":[{"href":"https:\/\/jms.com.bo\/mediamonitor\/wp-json\/wp\/v2\/media?parent=46889"}],"wp:term":[{"taxonomy":"category","embeddable":true,"href":"https:\/\/jms.com.bo\/mediamonitor\/wp-json\/wp\/v2\/categories?post=46889"},{"taxonomy":"post_tag","embeddable":true,"href":"https:\/\/jms.com.bo\/mediamonitor\/wp-json\/wp\/v2\/tags?post=46889"}],"curies":[{"name":"wp","href":"https:\/\/api.w.org\/{rel}","templated":true}]}}