{"id":46894,"date":"2023-03-29T07:20:20","date_gmt":"2023-03-29T11:20:20","guid":{"rendered":"https:\/\/jms.com.bo\/mediamonitor\/2023\/03\/29\/toman-instalaciones-de-setar-yacuiba-por-constantes-cortes-de-energia-electrica\/"},"modified":"2023-03-29T07:20:20","modified_gmt":"2023-03-29T11:20:20","slug":"toman-instalaciones-de-setar-yacuiba-por-constantes-cortes-de-energia-electrica","status":"publish","type":"post","link":"https:\/\/jms.com.bo\/mediamonitor\/2023\/03\/29\/toman-instalaciones-de-setar-yacuiba-por-constantes-cortes-de-energia-electrica\/","title":{"rendered":"Toman instalaciones de Setar Yacuiba por constantes cortes de energ\u00eda el\u00e9ctrica"},"content":{"rendered":"<p style=\"text-align: justify;\">Juntas vecinales y dirigentes de las Organizaciones Territoriales de Base (OTB&#8217;s) realizan una toma pac\u00edfica de las instalaciones de Servicios El\u00e9ctricos de Tarija (Setar), como protesta por un \u00abmal servicio\u00bb que brinda la instituci\u00f3n, tras constantes cortes de energ\u00eda el\u00e9ctrica.<\/p>\n<p style=\"text-align: justify;\">Los movilizados denuncian mala facturaci\u00f3n de los meses de diciembre y enero, adem\u00e1s, exigen la rendici\u00f3n de cuentas sobre la situaci\u00f3n financiera de la empresa, reestructuraci\u00f3n, cambio de gerencia y \u201clecturaci\u00f3n justa\u201d de las tarifas de electricidad, seg\u00fan informa Radio digital Piritaguari.<\/p>\n<p style=\"text-align: justify;\">En una reuni\u00f3n realizada en el Comit\u00e9 C\u00edvico a inicios del mes de marzo, Setar admiti\u00f3 que hab\u00eda 180 casos por resolver, para el cual se dio un plazo de 15 d\u00edas.<\/p>\n","protected":false},"excerpt":{"rendered":"<p>Juntas vecinales y dirigentes de las Organizaciones Territoriales de Base (OTB&#8217;s) realizan una toma pac\u00edfica de las instalaciones de Servicios El\u00e9ctricos de Tarija (Setar), como protesta por un \u00abmal servicio\u00bb que brinda la instituci\u00f3n, tras constantes cortes de energ\u00eda el\u00e9ctrica. Los movilizados denuncian mala facturaci\u00f3n de los meses de diciembre y enero, adem\u00e1s, exigen la [&hellip;]<\/p>\n","protected":false},"author":4,"featured_media":46895,"comment_status":"open","ping_status":"closed","sticky":false,"template":"","format":"standard","meta":{"footnotes":""},"categories":[39,44,48],"tags":[],"class_list":{"0":"post-46894","1":"post","2":"type-post","3":"status-publish","4":"format-standard","5":"has-post-thumbnail","7":"category-energia","8":"category-portada-energia","9":"category-portada-general-sitio"},"_links":{"self":[{"href":"https:\/\/jms.com.bo\/mediamonitor\/wp-json\/wp\/v2\/posts\/46894","targetHints":{"allow":["GET"]}}],"collection":[{"href":"https:\/\/jms.com.bo\/mediamonitor\/wp-json\/wp\/v2\/posts"}],"about":[{"href":"https:\/\/jms.com.bo\/mediamonitor\/wp-json\/wp\/v2\/types\/post"}],"author":[{"embeddable":true,"href":"https:\/\/jms.com.bo\/mediamonitor\/wp-json\/wp\/v2\/users\/4"}],"replies":[{"embeddable":true,"href":"https:\/\/jms.com.bo\/mediamonitor\/wp-json\/wp\/v2\/comments?post=46894"}],"version-history":[{"count":0,"href":"https:\/\/jms.com.bo\/mediamonitor\/wp-json\/wp\/v2\/posts\/46894\/revisions"}],"wp:featuredmedia":[{"embeddable":true,"href":"https:\/\/jms.com.bo\/mediamonitor\/wp-json\/wp\/v2\/media\/46895"}],"wp:attachment":[{"href":"https:\/\/jms.com.bo\/mediamonitor\/wp-json\/wp\/v2\/media?parent=46894"}],"wp:term":[{"taxonomy":"category","embeddable":true,"href":"https:\/\/jms.com.bo\/mediamonitor\/wp-json\/wp\/v2\/categories?post=46894"},{"taxonomy":"post_tag","embeddable":true,"href":"https:\/\/jms.com.bo\/mediamonitor\/wp-json\/wp\/v2\/tags?post=46894"}],"curies":[{"name":"wp","href":"https:\/\/api.w.org\/{rel}","templated":true}]}}