{"id":46956,"date":"2023-03-30T06:55:27","date_gmt":"2023-03-30T10:55:27","guid":{"rendered":"https:\/\/jms.com.bo\/mediamonitor\/2023\/03\/30\/castedo-nuevo-presidente-de-congabol-apunta-a-la-atraccion-de-inversiones-trabajar-en-la-seguridad-juridica-y-el-desalojo-de-los-avasalladores\/"},"modified":"2023-03-30T06:55:27","modified_gmt":"2023-03-30T10:55:27","slug":"castedo-nuevo-presidente-de-congabol-apunta-a-la-atraccion-de-inversiones-trabajar-en-la-seguridad-juridica-y-el-desalojo-de-los-avasalladores","status":"publish","type":"post","link":"https:\/\/jms.com.bo\/mediamonitor\/2023\/03\/30\/castedo-nuevo-presidente-de-congabol-apunta-a-la-atraccion-de-inversiones-trabajar-en-la-seguridad-juridica-y-el-desalojo-de-los-avasalladores\/","title":{"rendered":"Castedo, nuevo presidente de Congabol, apunta a la atracci\u00f3n de inversiones, trabajar en la seguridad jur\u00eddica y el desalojo de los avasalladores"},"content":{"rendered":"<p style=\"text-align: justify;\">El respeto por la propiedad privada agraria, el desalojo de los predios avasallados y la atracci\u00f3n de inversiones ser\u00e1n los ejes de Adri\u00e1n Castedo, presidente de la Federaci\u00f3n de Ganaderos de Santa Cruz (Fegasacruz), que fue elegido para estar el frente de la Confederaci\u00f3n de Ganaderos de Bolivia hasta 2024.<\/p>\n<p style=\"text-align: justify;\">Castedo indic\u00f3 que los objetivos de su gesti\u00f3n se centrar\u00e1n en atraer mayores niveles de inversi\u00f3n para incrementar la producci\u00f3n en el mediano plazo y doblar la exportaci\u00f3n actual de carne de res en el corto plazo.<\/p>\n<p style=\"text-align: justify;\">Para lograr lo planteado, Castedo considera clave mejorar la relaci\u00f3n del sector ganadero de Bolivia en sus nueve departamentos con los tres niveles de Gobierno, nacional, departamental y municipal, y paralelamente trabajar en la seguridad jur\u00eddica, con el desalojo de los avasalladores, que permita invertir m\u00e1s en el campo.<\/p>\n<p style=\"text-align: justify;\">\u201cVer la revisi\u00f3n de la Funci\u00f3n Econ\u00f3mica Social (FES) hacia un procedimiento administrativo y preservar el status sanitario del pa\u00eds libre de fiebre aftosa con vacunaci\u00f3n y zonas libres sin vacunaci\u00f3n, son los objetivos de mi gesti\u00f3n. El tema sanitario permite mantener la exportaci\u00f3n de carne de res y buscar nuevos mercados\u201d, sostuvo Castedo.<\/p>\n<p style=\"text-align: justify;\">Otro tema que preocupa al nuevo titular de la Congabol es el robo de ganado, por lo que considera que es importante lograr que se promulgue una Ley que endurezca la pena contra el abigeato, pues en la actualidad los abigeatistas no van presos al cometer el delito.<\/p>\n<p style=\"text-align: justify;\">Nuevos contactos<\/p>\n<p style=\"text-align: justify;\">Castedo indic\u00f3 que, con el prop\u00f3sito de adquirir nuevas experiencias en el aspecto productivo, visitaron los municipios de Vila Bela y Pontes y Lacerda de Mato Grosso (Brasil).<\/p>\n<p style=\"text-align: justify;\">El ganadero sostuvo que estos municipios pertenecen a asociaciones de ganaderos, que cuenta con 22 millones de cabezas, que tienen un sistema de alimentaci\u00f3n basado en suplementos que les permite ganar peso de forma m\u00e1s r\u00e1pida<\/p>\n<p style=\"text-align: justify;\">\u201cNos llevan un avance tecnol\u00f3gico de unos 10 a\u00f1os. Han hecho de campos ganaderos importantes productores de granos sin disminuir el hato ganadero. Estos campos ganaderos son m\u00e1s productivos con una oferta de granos y de animales de mayor peso, que generan m\u00e1s carne\u201d, se\u00f1al\u00f3 Castedo.<\/p>\n","protected":false},"excerpt":{"rendered":"<p>El respeto por la propiedad privada agraria, el desalojo de los predios avasallados y la atracci\u00f3n de inversiones ser\u00e1n los ejes de Adri\u00e1n Castedo, presidente de la Federaci\u00f3n de Ganaderos de Santa Cruz (Fegasacruz), que fue elegido para estar el frente de la Confederaci\u00f3n de Ganaderos de Bolivia hasta 2024. Castedo indic\u00f3 que los objetivos [&hellip;]<\/p>\n","protected":false},"author":4,"featured_media":46957,"comment_status":"open","ping_status":"closed","sticky":false,"template":"","format":"standard","meta":{"footnotes":""},"categories":[52],"tags":[],"class_list":{"0":"post-46956","1":"post","2":"type-post","3":"status-publish","4":"format-standard","5":"has-post-thumbnail","7":"category-alimentos-agroindustria"},"_links":{"self":[{"href":"https:\/\/jms.com.bo\/mediamonitor\/wp-json\/wp\/v2\/posts\/46956","targetHints":{"allow":["GET"]}}],"collection":[{"href":"https:\/\/jms.com.bo\/mediamonitor\/wp-json\/wp\/v2\/posts"}],"about":[{"href":"https:\/\/jms.com.bo\/mediamonitor\/wp-json\/wp\/v2\/types\/post"}],"author":[{"embeddable":true,"href":"https:\/\/jms.com.bo\/mediamonitor\/wp-json\/wp\/v2\/users\/4"}],"replies":[{"embeddable":true,"href":"https:\/\/jms.com.bo\/mediamonitor\/wp-json\/wp\/v2\/comments?post=46956"}],"version-history":[{"count":0,"href":"https:\/\/jms.com.bo\/mediamonitor\/wp-json\/wp\/v2\/posts\/46956\/revisions"}],"wp:featuredmedia":[{"embeddable":true,"href":"https:\/\/jms.com.bo\/mediamonitor\/wp-json\/wp\/v2\/media\/46957"}],"wp:attachment":[{"href":"https:\/\/jms.com.bo\/mediamonitor\/wp-json\/wp\/v2\/media?parent=46956"}],"wp:term":[{"taxonomy":"category","embeddable":true,"href":"https:\/\/jms.com.bo\/mediamonitor\/wp-json\/wp\/v2\/categories?post=46956"},{"taxonomy":"post_tag","embeddable":true,"href":"https:\/\/jms.com.bo\/mediamonitor\/wp-json\/wp\/v2\/tags?post=46956"}],"curies":[{"name":"wp","href":"https:\/\/api.w.org\/{rel}","templated":true}]}}