{"id":46958,"date":"2023-03-30T06:56:29","date_gmt":"2023-03-30T10:56:29","guid":{"rendered":"https:\/\/jms.com.bo\/mediamonitor\/2023\/03\/30\/en-bolivia-proyectan-invertir-bs-229-millones-para-fortalecer-la-produccion-de-quinua-y-reactivar-economia-de-productores\/"},"modified":"2023-03-30T06:56:29","modified_gmt":"2023-03-30T10:56:29","slug":"en-bolivia-proyectan-invertir-bs-229-millones-para-fortalecer-la-produccion-de-quinua-y-reactivar-economia-de-productores","status":"publish","type":"post","link":"https:\/\/jms.com.bo\/mediamonitor\/2023\/03\/30\/en-bolivia-proyectan-invertir-bs-229-millones-para-fortalecer-la-produccion-de-quinua-y-reactivar-economia-de-productores\/","title":{"rendered":"En Bolivia proyectan invertir Bs 229 millones para fortalecer la producci\u00f3n de quinua y reactivar econom\u00eda de productores"},"content":{"rendered":"<p style=\"text-align: justify;\">El Gobierno nacional tiene previsto invertir Bs 229 millones para fortalecer la producci\u00f3n de quinua en Bolivia y reactivar la econom\u00eda de familias y comunidades productoras, inform\u00f3 el viceministro de Desarrollo Agropecuario, \u00c1lvaro Mollinedo, durante el VIII Congreso Mundial de la Quinua en Potos\u00ed.<\/p>\n<p style=\"text-align: justify;\">Los recursos ser\u00e1n destinados al Programa Granos Andinos, que ejecuta el Ministerio de Desarrollo Rural y Tierras en los departamentos de La Paz, Oruro y Potos\u00ed.<\/p>\n<p style=\"text-align: justify;\">\u201cCon este congreso esperamos replicar todos los conocimientos y experiencias transmitidas por expertos, para fortalecer y mejorar la producci\u00f3n de quinua en las zonas productoras del pa\u00eds, brindando condiciones m\u00e1s favorables y resilientes al cambio clim\u00e1tico\u201d, explic\u00f3.<\/p>\n<p style=\"text-align: justify;\">En el segundo d\u00eda del Congreso Mundial de la Quinua, expertos nacionales e internacionales abordaron temas de investigaci\u00f3n cient\u00edfica, relacionados a la conservaci\u00f3n de los recursos gen\u00e9ticos de quinua y su mejoramiento, la biotecnolog\u00eda e innovaci\u00f3n, sistemas productivos, la importancia y beneficios de su consumo, sistemas de control de calidad, comercializaci\u00f3n y pol\u00edticas p\u00fablicas, entre otros \u00e1mbitos.<\/p>\n<p style=\"text-align: justify;\">Productores de La Paz, Oruro y Potos\u00ed se dieron cita al evento para compartir experiencias y generar espacios de aprendizaje e intercambio de saberes destinados a mejorar los rendimientos de producci\u00f3n, combatir enfermedades y encarar los embates del cambio clim\u00e1tico.<\/p>\n<p style=\"text-align: justify;\">El congreso re\u00fane a expertos de 20 pa\u00edses de Am\u00e9rica, Europa y Asia, adem\u00e1s de seis cient\u00edficos bolivianos que residen en el exterior desempe\u00f1\u00e1ndose como investigadores de reconocidas universidades, quienes comparten sus investigaciones cient\u00edficas, innovaciones y experiencias en producci\u00f3n del grano andino.<\/p>\n","protected":false},"excerpt":{"rendered":"<p>El Gobierno nacional tiene previsto invertir Bs 229 millones para fortalecer la producci\u00f3n de quinua en Bolivia y reactivar la econom\u00eda de familias y comunidades productoras, inform\u00f3 el viceministro de Desarrollo Agropecuario, \u00c1lvaro Mollinedo, durante el VIII Congreso Mundial de la Quinua en Potos\u00ed. Los recursos ser\u00e1n destinados al Programa Granos Andinos, que ejecuta el [&hellip;]<\/p>\n","protected":false},"author":4,"featured_media":46959,"comment_status":"open","ping_status":"closed","sticky":false,"template":"","format":"standard","meta":{"footnotes":""},"categories":[52],"tags":[],"class_list":{"0":"post-46958","1":"post","2":"type-post","3":"status-publish","4":"format-standard","5":"has-post-thumbnail","7":"category-alimentos-agroindustria"},"_links":{"self":[{"href":"https:\/\/jms.com.bo\/mediamonitor\/wp-json\/wp\/v2\/posts\/46958","targetHints":{"allow":["GET"]}}],"collection":[{"href":"https:\/\/jms.com.bo\/mediamonitor\/wp-json\/wp\/v2\/posts"}],"about":[{"href":"https:\/\/jms.com.bo\/mediamonitor\/wp-json\/wp\/v2\/types\/post"}],"author":[{"embeddable":true,"href":"https:\/\/jms.com.bo\/mediamonitor\/wp-json\/wp\/v2\/users\/4"}],"replies":[{"embeddable":true,"href":"https:\/\/jms.com.bo\/mediamonitor\/wp-json\/wp\/v2\/comments?post=46958"}],"version-history":[{"count":0,"href":"https:\/\/jms.com.bo\/mediamonitor\/wp-json\/wp\/v2\/posts\/46958\/revisions"}],"wp:featuredmedia":[{"embeddable":true,"href":"https:\/\/jms.com.bo\/mediamonitor\/wp-json\/wp\/v2\/media\/46959"}],"wp:attachment":[{"href":"https:\/\/jms.com.bo\/mediamonitor\/wp-json\/wp\/v2\/media?parent=46958"}],"wp:term":[{"taxonomy":"category","embeddable":true,"href":"https:\/\/jms.com.bo\/mediamonitor\/wp-json\/wp\/v2\/categories?post=46958"},{"taxonomy":"post_tag","embeddable":true,"href":"https:\/\/jms.com.bo\/mediamonitor\/wp-json\/wp\/v2\/tags?post=46958"}],"curies":[{"name":"wp","href":"https:\/\/api.w.org\/{rel}","templated":true}]}}