{"id":46966,"date":"2023-03-30T07:01:51","date_gmt":"2023-03-30T11:01:51","guid":{"rendered":"https:\/\/jms.com.bo\/mediamonitor\/2023\/03\/30\/maestros-cumplen-paro-en-medio-de-bloqueos-y-huelga-de-hambre\/"},"modified":"2023-03-30T07:01:51","modified_gmt":"2023-03-30T11:01:51","slug":"maestros-cumplen-paro-en-medio-de-bloqueos-y-huelga-de-hambre","status":"publish","type":"post","link":"https:\/\/jms.com.bo\/mediamonitor\/2023\/03\/30\/maestros-cumplen-paro-en-medio-de-bloqueos-y-huelga-de-hambre\/","title":{"rendered":"Maestros cumplen paro en medio de bloqueos y huelga de hambre"},"content":{"rendered":"<p style=\"text-align: justify;\">Pese a la amenaza de descuentos salariales, el magisterio urbano del pa\u00eds cumple este jueves el primer d\u00eda del paro de 48 horas, en medio de movilizaciones, ayuno voluntario y bloqueo de carreteras.<\/p>\n<p style=\"text-align: justify;\">El sector demanda \u00edtems de nueva creaci\u00f3n, nuevos cargos para cubrir el d\u00e9ficit hist\u00f3rico, incremento del presupuesto para educaci\u00f3n, fecha para el congreso educativo y la anulaci\u00f3n de la malla curricular.<\/p>\n<p style=\"text-align: justify;\">En esta cuarta semana de protestas los profesores endurecieron sus medidas de presi\u00f3n ante la falta de atenci\u00f3n a su pliego petitorio por parte del Ministerio de Educaci\u00f3n. Este jueves cumplen su tercer d\u00eda de huelga de hambre, dado que el martes se instal\u00f3 el primer piquete en la ciudad de La Paz y se extendi\u00f3 a otras regiones del pa\u00eds.<\/p>\n<p style=\"text-align: justify;\">El ejecutivo de la Confederaci\u00f3n de Trabajadores de Educaci\u00f3n Urbana de Bolivia (Cteub), Patricio Molina, se\u00f1al\u00f3 que radicalizan sus movilizaciones porque no han tenido respuesta del Gobierno ni del Ministerio de Educaci\u00f3n, por lo que \u201cel paro de este jueves y viernes se ratifica en todo el territorio nacional\u201d.<\/p>\n<p style=\"text-align: justify;\">Seg\u00fan Molina, de acuerdo con el reporte de las 31 federaciones, el 92 por ciento de las unidades educativas fiscales acataron el paro de 24 horas de la anterior semana. \u201cEsperamos la misma contundencia para el paro de jueves y viernes, a pesar de las amenazas de descuento de parte de las autoridades educativas\u201d, se\u00f1al\u00f3 el dirigente.<\/p>\n<p style=\"text-align: justify;\">Indic\u00f3 que el magisterio se movilizar\u00e1 de la misma manera que lo hicieron para el paro de 24 horas y que la medida estar\u00e1 acompa\u00f1ada de bloqueo de carreteras y cierre de fronteras.<\/p>\n<p style=\"text-align: justify;\">En Santa Cruz, en el municipio de San Ignacio de Velasco anuncian tres puntos de bloqueo. Uno se instalar\u00e1 en la ruta a San Mat\u00edas, otro en la carretera Bioce\u00e1nica y el tercero, en la comunidad Cochabambita. Se trata de los puntos m\u00e1s estrat\u00e9gicos para evitar cualquier desv\u00edo.<\/p>\n<p style=\"text-align: justify;\">Esta medida se asumi\u00f3 la ma\u00f1ana de este mi\u00e9rcoles en una asamblea de la que participaron m\u00e1s de 500 maestros, que apoyar\u00e1n la medida de presi\u00f3n a partir de las cero horas de este jueves.<\/p>\n<p style=\"text-align: justify;\">El responsable de organizaci\u00f3n de bloqueo, Omar Alarc\u00f3n, sostuvo que unos 2.800 maestros urbanos del Norte Integrado instalar\u00e1n otro punto de bloqueo en la zona del Naranjal (La Jupia), en el municipio de Montero, pero tambi\u00e9n realizar\u00e1n marchas, m\u00edtines e instalar\u00e1n una huelga de hambre en la sede de la Federaci\u00f3n de Maestros del Norte Integrado.<\/p>\n<p style=\"text-align: justify;\">El dirigente nacional Molina se\u00f1al\u00f3 que el tema de educaci\u00f3n afecta a todos, por eso es que muchos sectores se est\u00e1n sumando al movimiento de los profesores.<\/p>\n<p style=\"text-align: justify;\">\u201cLa lucha de nosotros es enteramente educativa y m\u00e1s all\u00e1 de eso no tiene ninguna otra intenci\u00f3n, solo la de resolver el tema educativo\u201d, remarc\u00f3 rechazando las declaraciones del ministro de Educaci\u00f3n, Edgar Pary, que tild\u00f3 de pol\u00edtico el movimiento por el respaldo de instituciones c\u00edvicas.<\/p>\n<p style=\"text-align: justify;\">El Ministerio de Educaci\u00f3n<\/p>\n<p style=\"text-align: justify;\">El viceministro de Educaci\u00f3n Regular, Bartolom\u00e9 Puma, asegur\u00f3 que hay avances en al menos en tres puntos del pliego. \u201cSe ha avanzado en algunos puntos, por ejemplo, en el primero, (que es la demanda de mayor) presupuesto educativo y en el \u00faltimo punto, que es el congreso de educaci\u00f3n, ya en esos est\u00e1n trabajando las comisiones\u201d, afirm\u00f3.<\/p>\n<p style=\"text-align: justify;\">Sin embargo, la dirigencia de los profesores cuestiona que esos puntos fueron pasados a la mesa de di\u00e1logo con la COB y consideran que debi\u00f3 debatirse con el sector.<br \/>\nPuma dijo que la demanda de \u00edtems est\u00e1 siendo atendida con la distribuci\u00f3n de 2.500 cargos y que el d\u00e9ficit se ir\u00e1 cubriendo de forma gradual.<\/p>\n","protected":false},"excerpt":{"rendered":"<p>Pese a la amenaza de descuentos salariales, el magisterio urbano del pa\u00eds cumple este jueves el primer d\u00eda del paro de 48 horas, en medio de movilizaciones, ayuno voluntario y bloqueo de carreteras. El sector demanda \u00edtems de nueva creaci\u00f3n, nuevos cargos para cubrir el d\u00e9ficit hist\u00f3rico, incremento del presupuesto para educaci\u00f3n, fecha para el [&hellip;]<\/p>\n","protected":false},"author":4,"featured_media":46967,"comment_status":"open","ping_status":"closed","sticky":false,"template":"","format":"standard","meta":{"footnotes":""},"categories":[49],"tags":[],"class_list":{"0":"post-46966","1":"post","2":"type-post","3":"status-publish","4":"format-standard","5":"has-post-thumbnail","7":"category-social"},"_links":{"self":[{"href":"https:\/\/jms.com.bo\/mediamonitor\/wp-json\/wp\/v2\/posts\/46966","targetHints":{"allow":["GET"]}}],"collection":[{"href":"https:\/\/jms.com.bo\/mediamonitor\/wp-json\/wp\/v2\/posts"}],"about":[{"href":"https:\/\/jms.com.bo\/mediamonitor\/wp-json\/wp\/v2\/types\/post"}],"author":[{"embeddable":true,"href":"https:\/\/jms.com.bo\/mediamonitor\/wp-json\/wp\/v2\/users\/4"}],"replies":[{"embeddable":true,"href":"https:\/\/jms.com.bo\/mediamonitor\/wp-json\/wp\/v2\/comments?post=46966"}],"version-history":[{"count":0,"href":"https:\/\/jms.com.bo\/mediamonitor\/wp-json\/wp\/v2\/posts\/46966\/revisions"}],"wp:featuredmedia":[{"embeddable":true,"href":"https:\/\/jms.com.bo\/mediamonitor\/wp-json\/wp\/v2\/media\/46967"}],"wp:attachment":[{"href":"https:\/\/jms.com.bo\/mediamonitor\/wp-json\/wp\/v2\/media?parent=46966"}],"wp:term":[{"taxonomy":"category","embeddable":true,"href":"https:\/\/jms.com.bo\/mediamonitor\/wp-json\/wp\/v2\/categories?post=46966"},{"taxonomy":"post_tag","embeddable":true,"href":"https:\/\/jms.com.bo\/mediamonitor\/wp-json\/wp\/v2\/tags?post=46966"}],"curies":[{"name":"wp","href":"https:\/\/api.w.org\/{rel}","templated":true}]}}