{"id":48087,"date":"2023-04-17T06:10:43","date_gmt":"2023-04-17T10:10:43","guid":{"rendered":"https:\/\/jms.com.bo\/mediamonitor\/2023\/04\/17\/brote-de-bacteria-afecta-a-12-bebes-en-hospital-de-sucre\/"},"modified":"2023-04-17T06:10:43","modified_gmt":"2023-04-17T10:10:43","slug":"brote-de-bacteria-afecta-a-12-bebes-en-hospital-de-sucre","status":"publish","type":"post","link":"https:\/\/jms.com.bo\/mediamonitor\/2023\/04\/17\/brote-de-bacteria-afecta-a-12-bebes-en-hospital-de-sucre\/","title":{"rendered":"Brote de bacteria afecta a 12 beb\u00e9s en hospital de Sucre"},"content":{"rendered":"<p style=\"text-align: justify;\">El brote de una bacteria afect\u00f3 a m\u00e1s de 10 ni\u00f1os en la sala de neonatolog\u00eda del Hospital de la Mujer de la ciudad de Sucre. Debido a ello este establecimiento entr\u00f3 en cuarentena.<\/p>\n<p style=\"text-align: justify;\">El jefe de la unidad de epidemiolog\u00eda del Servicio Departamental de Salud (Sedes) de Chuquisaca, C\u00e9sar R\u00edos, explic\u00f3 que entre \u201cocho y 12 ni\u00f1os internados en la sala de neonatolog\u00eda del Hospital de la Mujer de Sucre se infectaron con el brote de una bacteria.<\/p>\n<p style=\"text-align: justify;\">Debido a ello se decidi\u00f3 cerrar la sala \u201cpor 72 horas\u201d (tres d\u00edas) para realizar la desinfecci\u00f3n correspondiente.<\/p>\n<p style=\"text-align: justify;\">\u201cHemos realizado la suspensi\u00f3n (de internaci\u00f3n) debido a que hemos tenido el diagn\u00f3stico de una bacteria que estar\u00eda en ese servicio\u201d, dijo R\u00edos a Radio Fides, tras resaltar que se trata de la pseudomona aeruginosa, un pat\u00f3geno oportunista que con frecuencia causa infecciones intrahospitalarias, especialmente en pacientes con asistencia respiratoria mec\u00e1nica, cr\u00f3nicos o con quemaduras.<\/p>\n<p style=\"text-align: justify;\">Este hecho se conoci\u00f3 en pasados d\u00edas. Un beb\u00e9 ingres\u00f3 a terapia intensiva y comenz\u00f3 a presentar se\u00f1ales de la presencia de la bacteria.<\/p>\n<p style=\"text-align: justify;\">Entre los s\u00edntomas que pueden desarrollar los ni\u00f1os est\u00e1n foliculitis, otitis externa, \u00falceras de c\u00f3rnea e infecciones en los pulmones.<\/p>\n<p style=\"text-align: justify;\">Ahora se realiza la limpieza y desinfecci\u00f3n de ese ambiente, por lo que no estar\u00e1 habilitado durante las 72 horas.<\/p>\n<p style=\"text-align: justify;\">Agreg\u00f3 que si ocurre alguna urgencia para internar a un beb\u00e9, se lo debe transferir al Hospital Santa B\u00e1rbara o del Ni\u00f1o, los cuales deben recibir a los neonatos externos.<\/p>\n<p style=\"text-align: justify;\">El cierre de la sala de neonatolog\u00eda se inici\u00f3 hoy y concluir\u00e1 el lunes. Luego se retomar\u00e1n las atenciones habituales.<\/p>\n<p style=\"text-align: justify;\">En tanto, asegur\u00f3 que los neonatos afectados reciben tratamiento antibi\u00f3tico.<\/p>\n<p style=\"text-align: justify;\">Aunque asegur\u00f3 que el problema es que los \u201cni\u00f1os externos puedan contaminarse\u201d, por eso destac\u00f3 que se realiza la desinfecci\u00f3n correspondiente.<\/p>\n<p style=\"text-align: justify;\">No obstante, aclar\u00f3 que el resto de las salas no fueron contaminadas.<\/p>\n<p style=\"text-align: justify;\">Sobre la bacteria<\/p>\n<p style=\"text-align: justify;\">De acuerdo con la Organizaci\u00f3n Mundial de la Salud (OMS) la pseudomona aeruginosa se encuentra en la piel normal de las zonas axilar y anogenital, pero rara vez se detecta en las heces a menos que est\u00e9 administr\u00e1ndose un antibi\u00f3tico.<\/p>\n<p style=\"text-align: justify;\">En los hospitales, el microorganismo suele encontrarse en los lavamanos y los recipientes para la orina. Puede producirse la transmisi\u00f3n a los pacientes por parte del personal, en especial en las unidades de cuidados intensivos neonatales y en las salas de quemados.<\/p>\n","protected":false},"excerpt":{"rendered":"<p>El brote de una bacteria afect\u00f3 a m\u00e1s de 10 ni\u00f1os en la sala de neonatolog\u00eda del Hospital de la Mujer de la ciudad de Sucre. Debido a ello este establecimiento entr\u00f3 en cuarentena. El jefe de la unidad de epidemiolog\u00eda del Servicio Departamental de Salud (Sedes) de Chuquisaca, C\u00e9sar R\u00edos, explic\u00f3 que entre \u201cocho [&hellip;]<\/p>\n","protected":false},"author":4,"featured_media":48088,"comment_status":"open","ping_status":"closed","sticky":false,"template":"","format":"standard","meta":{"footnotes":""},"categories":[53],"tags":[],"class_list":{"0":"post-48087","1":"post","2":"type-post","3":"status-publish","4":"format-standard","5":"has-post-thumbnail","7":"category-salud"},"_links":{"self":[{"href":"https:\/\/jms.com.bo\/mediamonitor\/wp-json\/wp\/v2\/posts\/48087","targetHints":{"allow":["GET"]}}],"collection":[{"href":"https:\/\/jms.com.bo\/mediamonitor\/wp-json\/wp\/v2\/posts"}],"about":[{"href":"https:\/\/jms.com.bo\/mediamonitor\/wp-json\/wp\/v2\/types\/post"}],"author":[{"embeddable":true,"href":"https:\/\/jms.com.bo\/mediamonitor\/wp-json\/wp\/v2\/users\/4"}],"replies":[{"embeddable":true,"href":"https:\/\/jms.com.bo\/mediamonitor\/wp-json\/wp\/v2\/comments?post=48087"}],"version-history":[{"count":0,"href":"https:\/\/jms.com.bo\/mediamonitor\/wp-json\/wp\/v2\/posts\/48087\/revisions"}],"wp:featuredmedia":[{"embeddable":true,"href":"https:\/\/jms.com.bo\/mediamonitor\/wp-json\/wp\/v2\/media\/48088"}],"wp:attachment":[{"href":"https:\/\/jms.com.bo\/mediamonitor\/wp-json\/wp\/v2\/media?parent=48087"}],"wp:term":[{"taxonomy":"category","embeddable":true,"href":"https:\/\/jms.com.bo\/mediamonitor\/wp-json\/wp\/v2\/categories?post=48087"},{"taxonomy":"post_tag","embeddable":true,"href":"https:\/\/jms.com.bo\/mediamonitor\/wp-json\/wp\/v2\/tags?post=48087"}],"curies":[{"name":"wp","href":"https:\/\/api.w.org\/{rel}","templated":true}]}}