{"id":48089,"date":"2023-04-17T06:11:50","date_gmt":"2023-04-17T10:11:50","guid":{"rendered":"https:\/\/jms.com.bo\/mediamonitor\/2023\/04\/17\/los-sedes-estaran-a-cargo-de-la-distribucion-del-suero-antiescorpiano\/"},"modified":"2023-04-17T06:11:50","modified_gmt":"2023-04-17T10:11:50","slug":"los-sedes-estaran-a-cargo-de-la-distribucion-del-suero-antiescorpiano","status":"publish","type":"post","link":"https:\/\/jms.com.bo\/mediamonitor\/2023\/04\/17\/los-sedes-estaran-a-cargo-de-la-distribucion-del-suero-antiescorpiano\/","title":{"rendered":"Los Sedes estar\u00e1n a cargo de la distribuci\u00f3n del suero antiescorpiano"},"content":{"rendered":"<p style=\"text-align: justify;\">Consolidado el primer lote de suero antiescorpiano producido en el pa\u00eds, el Instituto Nacional de Laboratorios de Salud (Inlasa), creador de este ant\u00eddoto, afirm\u00f3 que las distribuciones se realizar\u00e1n mediante los Servicios Departamentales de Salud (Sedes).<\/p>\n<p style=\"text-align: justify;\">\u00abLo que debemos hacer, tras la producci\u00f3n de este suero, es coordinar la distribuci\u00f3n con los Sedes departamentales que har\u00e1n las solicitudes y son los responsables de hacerlo llegar a los municipios\u00bb, indic\u00f3 la directora del Inlasa, Evelin Fort\u00fan, en Bolivia TV.<\/p>\n<p style=\"text-align: justify;\">La directora destac\u00f3 las caracter\u00edsticas de este suero, que genera al pa\u00eds una soberan\u00eda en cuanto a los tratamientos contra la picadura de alacr\u00e1n. Hasta antes de este logro en Bolivia se depend\u00eda de las coordinaciones con otros pa\u00edses para contar con este f\u00e1rmaco.<\/p>\n<p style=\"text-align: justify;\">El trabajo empez\u00f3 en 2016 para el Inlasa. Luego, en 2019 y 2020 por los conflictos sociales hubo una pausa. No obstante, el a\u00f1o pasado las investigaciones se retomaron y esta semana el suero se consolid\u00f3 y ahora se prev\u00e9 el inicio de su distribuci\u00f3n nacional.<\/p>\n<p style=\"text-align: justify;\">Aunque ahora la prioridad es la entrega a los nueve departamentos, el ministro de Salud, Jeyson Auza, afirm\u00f3 que de haber disponibilidad, se puede dotar el suero a otros pa\u00edses, pues este cuenta con la calidad y est\u00e1ndares que garantizan su seguridad.<\/p>\n","protected":false},"excerpt":{"rendered":"<p>Consolidado el primer lote de suero antiescorpiano producido en el pa\u00eds, el Instituto Nacional de Laboratorios de Salud (Inlasa), creador de este ant\u00eddoto, afirm\u00f3 que las distribuciones se realizar\u00e1n mediante los Servicios Departamentales de Salud (Sedes). \u00abLo que debemos hacer, tras la producci\u00f3n de este suero, es coordinar la distribuci\u00f3n con los Sedes departamentales que [&hellip;]<\/p>\n","protected":false},"author":4,"featured_media":48090,"comment_status":"open","ping_status":"closed","sticky":false,"template":"","format":"standard","meta":{"footnotes":""},"categories":[53],"tags":[],"class_list":{"0":"post-48089","1":"post","2":"type-post","3":"status-publish","4":"format-standard","5":"has-post-thumbnail","7":"category-salud"},"_links":{"self":[{"href":"https:\/\/jms.com.bo\/mediamonitor\/wp-json\/wp\/v2\/posts\/48089","targetHints":{"allow":["GET"]}}],"collection":[{"href":"https:\/\/jms.com.bo\/mediamonitor\/wp-json\/wp\/v2\/posts"}],"about":[{"href":"https:\/\/jms.com.bo\/mediamonitor\/wp-json\/wp\/v2\/types\/post"}],"author":[{"embeddable":true,"href":"https:\/\/jms.com.bo\/mediamonitor\/wp-json\/wp\/v2\/users\/4"}],"replies":[{"embeddable":true,"href":"https:\/\/jms.com.bo\/mediamonitor\/wp-json\/wp\/v2\/comments?post=48089"}],"version-history":[{"count":0,"href":"https:\/\/jms.com.bo\/mediamonitor\/wp-json\/wp\/v2\/posts\/48089\/revisions"}],"wp:featuredmedia":[{"embeddable":true,"href":"https:\/\/jms.com.bo\/mediamonitor\/wp-json\/wp\/v2\/media\/48090"}],"wp:attachment":[{"href":"https:\/\/jms.com.bo\/mediamonitor\/wp-json\/wp\/v2\/media?parent=48089"}],"wp:term":[{"taxonomy":"category","embeddable":true,"href":"https:\/\/jms.com.bo\/mediamonitor\/wp-json\/wp\/v2\/categories?post=48089"},{"taxonomy":"post_tag","embeddable":true,"href":"https:\/\/jms.com.bo\/mediamonitor\/wp-json\/wp\/v2\/tags?post=48089"}],"curies":[{"name":"wp","href":"https:\/\/api.w.org\/{rel}","templated":true}]}}