{"id":48095,"date":"2023-04-17T06:19:12","date_gmt":"2023-04-17T10:19:12","guid":{"rendered":"https:\/\/jms.com.bo\/mediamonitor\/2023\/04\/17\/avicultores-aclaran-que-no-se-detecto-ningun-caso-de-gripe-aviar-en-chuquisaca\/"},"modified":"2023-04-17T06:19:12","modified_gmt":"2023-04-17T10:19:12","slug":"avicultores-aclaran-que-no-se-detecto-ningun-caso-de-gripe-aviar-en-chuquisaca","status":"publish","type":"post","link":"https:\/\/jms.com.bo\/mediamonitor\/2023\/04\/17\/avicultores-aclaran-que-no-se-detecto-ningun-caso-de-gripe-aviar-en-chuquisaca\/","title":{"rendered":"Avicultores aclaran que no se detect\u00f3 ning\u00fan caso de gripe aviar en Chuquisaca"},"content":{"rendered":"<p style=\"text-align: justify;\">La Asociaci\u00f3n Nacional de Avicultores de Bolivia (ANA) aclar\u00f3 que a la fecha no se detect\u00f3 ning\u00fan caso de gripe aviar en Chuquisaca y record\u00f3 que est\u00e1 prohibido el traslado de aves de Cochabamba a otros departamentos.<\/p>\n<p style=\"text-align: justify;\">\u201cLa Asociaci\u00f3n Nacional de Avicultores de Bolivia aclara que a la fecha no se ha detectado ning\u00fan caso de influenza aviar en el departamento de Chuquisaca\u201d, indic\u00f3 la instituci\u00f3n mediante un comunicado.<\/p>\n<p style=\"text-align: justify;\">De acuerdo con el reporte de ANA, en pasadas fechas, un ave infectada con gripe aviar sali\u00f3 de Cochabamba, pas\u00f3 por la ciudad de Sucre, y lleg\u00f3 a la poblaci\u00f3n de Cotagaita del departamento de Potos\u00ed.<\/p>\n<p style=\"text-align: justify;\">\u201cContagi\u00f3 (gripe aviar) a aves de Potos\u00ed; por tanto, el departamento de Chuquisaca contin\u00faa libre de esta enfermedad\u201d, remarc\u00f3.<\/p>\n<p style=\"text-align: justify;\">La instituci\u00f3n record\u00f3 tambi\u00e9n que est\u00e1 prohibido el traslado de aves por cualquier v\u00eda de transporte de Cochabamba a otros departamentos, de acuerdo a disposiciones del Servicio Nacional de Sanidad Agropecuaria e Inocuidad Alimentaria (Senasag).<\/p>\n<p style=\"text-align: justify;\">Seg\u00fan los datos del Senasag, hasta marzo, murieron 260.000 aves, unas a causa de la enfermedad y otras fueron sacrificadas.<\/p>\n<p style=\"text-align: justify;\">En siete municipios de Cochabamba se report\u00f3 brotes en aves para el comercio, de traspatio y silvestres; mientras que en Potos\u00ed se identific\u00f3 la enfermedad s\u00f3lo en aves de traspatio.<\/p>\n<p style=\"text-align: justify;\">El 27 de enero de este a\u00f1o se confirm\u00f3 del brote de gripe aviar en Cochabamba, ante ello el Ministerio de Desarrollo Rural y Tierras, junto con el Senasag, declar\u00f3 emergencia zoosanitaria en Bolivia y activ\u00f3 un plan, que cumple con los par\u00e1metros internacionales, para controlar y erradicar la enfermedad.<\/p>\n<p style=\"text-align: justify;\">Seg\u00fan la Organizaci\u00f3n Panamericana de la Salud (OPS), la influenza aviar, tambi\u00e9n conocida como gripe aviar, es una enfermedad infecciosa que, principalmente, afecta a las aves y que es causada por un virus de la familia Orthomyxoviridae.<\/p>\n","protected":false},"excerpt":{"rendered":"<p>La Asociaci\u00f3n Nacional de Avicultores de Bolivia (ANA) aclar\u00f3 que a la fecha no se detect\u00f3 ning\u00fan caso de gripe aviar en Chuquisaca y record\u00f3 que est\u00e1 prohibido el traslado de aves de Cochabamba a otros departamentos. \u201cLa Asociaci\u00f3n Nacional de Avicultores de Bolivia aclara que a la fecha no se ha detectado ning\u00fan caso [&hellip;]<\/p>\n","protected":false},"author":4,"featured_media":48096,"comment_status":"open","ping_status":"closed","sticky":false,"template":"","format":"standard","meta":{"footnotes":""},"categories":[52],"tags":[],"class_list":{"0":"post-48095","1":"post","2":"type-post","3":"status-publish","4":"format-standard","5":"has-post-thumbnail","7":"category-alimentos-agroindustria"},"_links":{"self":[{"href":"https:\/\/jms.com.bo\/mediamonitor\/wp-json\/wp\/v2\/posts\/48095","targetHints":{"allow":["GET"]}}],"collection":[{"href":"https:\/\/jms.com.bo\/mediamonitor\/wp-json\/wp\/v2\/posts"}],"about":[{"href":"https:\/\/jms.com.bo\/mediamonitor\/wp-json\/wp\/v2\/types\/post"}],"author":[{"embeddable":true,"href":"https:\/\/jms.com.bo\/mediamonitor\/wp-json\/wp\/v2\/users\/4"}],"replies":[{"embeddable":true,"href":"https:\/\/jms.com.bo\/mediamonitor\/wp-json\/wp\/v2\/comments?post=48095"}],"version-history":[{"count":0,"href":"https:\/\/jms.com.bo\/mediamonitor\/wp-json\/wp\/v2\/posts\/48095\/revisions"}],"wp:featuredmedia":[{"embeddable":true,"href":"https:\/\/jms.com.bo\/mediamonitor\/wp-json\/wp\/v2\/media\/48096"}],"wp:attachment":[{"href":"https:\/\/jms.com.bo\/mediamonitor\/wp-json\/wp\/v2\/media?parent=48095"}],"wp:term":[{"taxonomy":"category","embeddable":true,"href":"https:\/\/jms.com.bo\/mediamonitor\/wp-json\/wp\/v2\/categories?post=48095"},{"taxonomy":"post_tag","embeddable":true,"href":"https:\/\/jms.com.bo\/mediamonitor\/wp-json\/wp\/v2\/tags?post=48095"}],"curies":[{"name":"wp","href":"https:\/\/api.w.org\/{rel}","templated":true}]}}