{"id":48099,"date":"2023-04-17T06:21:39","date_gmt":"2023-04-17T10:21:39","guid":{"rendered":"https:\/\/jms.com.bo\/mediamonitor\/2023\/04\/17\/medicos-ratifican-ultimatum-para-retirar-paquete-de-leyes-y-anuncian-movilizacion-desde-este-martes\/"},"modified":"2023-04-17T06:21:39","modified_gmt":"2023-04-17T10:21:39","slug":"medicos-ratifican-ultimatum-para-retirar-paquete-de-leyes-y-anuncian-movilizacion-desde-este-martes","status":"publish","type":"post","link":"https:\/\/jms.com.bo\/mediamonitor\/2023\/04\/17\/medicos-ratifican-ultimatum-para-retirar-paquete-de-leyes-y-anuncian-movilizacion-desde-este-martes\/","title":{"rendered":"M\u00e9dicos ratifican ultim\u00e1tum para retirar paquete de leyes y anuncian movilizaci\u00f3n desde este martes"},"content":{"rendered":"<p style=\"text-align: justify;\">El consejo nacional m\u00e9dico, junto a las federaciones departamentales de la seguridad social y el sistema p\u00fablico, ratific\u00f3 que este domingo se cumple el plazo para que el gobierno retire paquete de leyes y revierta el traspaso de la Gestora P\u00fablica bajo tuici\u00f3n del gobierno central.<\/p>\n<p style=\"text-align: justify;\">A trav\u00e9s de un comunicado difundido en sus redes sociales, instruye a todos los profesionales de salud a acatar las medidas adoptadas en la alianza interinstitucional, participando este martes de la \u201cgran marcha nacional\u201d en todos los departamentos.<\/p>\n<p style=\"text-align: justify;\">Los m\u00e9dicos exigen al gobierno dejar sin efecto el paquete de leyes como la Ley 280 de Fortalecimiento a la Lucha Contra la Legitimaci\u00f3n de Ganancias Il\u00edcitas y el proyecto Ley 305 de \u201cCumplimiento de Compromisos Internacionales en Materia de Derechos Humanos\u201d, as\u00ed como la Ley 065 referido el traspaso de aportes propios a la Gestora P\u00fablica.<\/p>\n<p style=\"text-align: justify;\">El pronunciamiento cuestiona la pol\u00edtica gubernamental de encomendar la administraci\u00f3n de los aportes privados a un personaje \u201cpuesto a dedo y siendo militante del gobierno que gana un jugoso salario sin demostrar su capacidad e ingreso por concurso de m\u00e9ritos y examen de competencia\u201d.<\/p>\n<p style=\"text-align: justify;\">Los m\u00e9dicos expresaron tambi\u00e9n su apoyo a las medidas por el magisterio nacional en rechazo a la implementaci\u00f3n de la malla curricular que, seg\u00fan los m\u00e9dicos, va en desmedro del desarrollo y la educaci\u00f3n.<\/p>\n<p style=\"text-align: justify;\">\n","protected":false},"excerpt":{"rendered":"<p>El consejo nacional m\u00e9dico, junto a las federaciones departamentales de la seguridad social y el sistema p\u00fablico, ratific\u00f3 que este domingo se cumple el plazo para que el gobierno retire paquete de leyes y revierta el traspaso de la Gestora P\u00fablica bajo tuici\u00f3n del gobierno central. A trav\u00e9s de un comunicado difundido en sus redes [&hellip;]<\/p>\n","protected":false},"author":4,"featured_media":48100,"comment_status":"open","ping_status":"closed","sticky":false,"template":"","format":"standard","meta":{"footnotes":""},"categories":[49],"tags":[],"class_list":{"0":"post-48099","1":"post","2":"type-post","3":"status-publish","4":"format-standard","5":"has-post-thumbnail","7":"category-social"},"_links":{"self":[{"href":"https:\/\/jms.com.bo\/mediamonitor\/wp-json\/wp\/v2\/posts\/48099","targetHints":{"allow":["GET"]}}],"collection":[{"href":"https:\/\/jms.com.bo\/mediamonitor\/wp-json\/wp\/v2\/posts"}],"about":[{"href":"https:\/\/jms.com.bo\/mediamonitor\/wp-json\/wp\/v2\/types\/post"}],"author":[{"embeddable":true,"href":"https:\/\/jms.com.bo\/mediamonitor\/wp-json\/wp\/v2\/users\/4"}],"replies":[{"embeddable":true,"href":"https:\/\/jms.com.bo\/mediamonitor\/wp-json\/wp\/v2\/comments?post=48099"}],"version-history":[{"count":0,"href":"https:\/\/jms.com.bo\/mediamonitor\/wp-json\/wp\/v2\/posts\/48099\/revisions"}],"wp:featuredmedia":[{"embeddable":true,"href":"https:\/\/jms.com.bo\/mediamonitor\/wp-json\/wp\/v2\/media\/48100"}],"wp:attachment":[{"href":"https:\/\/jms.com.bo\/mediamonitor\/wp-json\/wp\/v2\/media?parent=48099"}],"wp:term":[{"taxonomy":"category","embeddable":true,"href":"https:\/\/jms.com.bo\/mediamonitor\/wp-json\/wp\/v2\/categories?post=48099"},{"taxonomy":"post_tag","embeddable":true,"href":"https:\/\/jms.com.bo\/mediamonitor\/wp-json\/wp\/v2\/tags?post=48099"}],"curies":[{"name":"wp","href":"https:\/\/api.w.org\/{rel}","templated":true}]}}