{"id":48103,"date":"2023-04-17T06:24:28","date_gmt":"2023-04-17T10:24:28","guid":{"rendered":"https:\/\/jms.com.bo\/mediamonitor\/2023\/04\/17\/alistan-marchas-en-el-pais-por-rechazo-a-nuevas-leyes-y-en-reclamo-a-la-gestora\/"},"modified":"2023-04-17T06:24:28","modified_gmt":"2023-04-17T10:24:28","slug":"alistan-marchas-en-el-pais-por-rechazo-a-nuevas-leyes-y-en-reclamo-a-la-gestora","status":"publish","type":"post","link":"https:\/\/jms.com.bo\/mediamonitor\/2023\/04\/17\/alistan-marchas-en-el-pais-por-rechazo-a-nuevas-leyes-y-en-reclamo-a-la-gestora\/","title":{"rendered":"Alistan marchas en el pa\u00eds por rechazo a nuevas leyes y en reclamo a la Gestora"},"content":{"rendered":"<p style=\"text-align: justify;\">Al menos 10 organizaciones que agrupan a gremialistas, c\u00edvicos, transportistas, docentes universitarios, m\u00e9dicos, plataformas y jubilados del pa\u00eds protagonizar\u00e1n una marcha nacional de protesta para rechazar los proyectos de ley 280 y 304. La medida se desarrollar\u00e1 ma\u00f1ana en las ciudades capitales sobre la base de un acuerdo de unidad firmado hace una semana entre esas instituciones.<\/p>\n<p style=\"text-align: justify;\">Adem\u00e1s, este movimiento exigir\u00e1 que la Gestora P\u00fablica de Seguridad Social de Largo Plazo sea administrada por profesionales que no tengan relaci\u00f3n con el MAS. La entidad estatal administrar\u00e1, a partir de mayo, los recursos que miles de bolivianos aportaron a las AFP que eran privadas.<\/p>\n<p style=\"text-align: justify;\">\u201cHemos hecho una alianza denominada \u2018unidad en la diversidad\u2019 y hemos sacado una resoluci\u00f3n que establece el rechazo total al paquetazo de leyes que quiere aprobar el MAS. Estas leyes apuntan a sostener un r\u00e9gimen totalitario, siguiendo el libreto del socialismo del Siglo XXI\u201d, inform\u00f3 la activista Pamela Flores de la plataforma Hijos de la Patria, que es parte del acuerdo nacional<\/p>\n<p style=\"text-align: justify;\">Explic\u00f3 que el s\u00e1bado hubo un congreso nacional en Santa Cruz, en el que participaron representantes de plataformas, adem\u00e1s de dirigentes de los sectores gremial y transporte. Flores anunci\u00f3 que tambi\u00e9n respaldar\u00e1n a los activistas y a los movimientos de resistencia que comenzaron a movilizarse desde la pasada semana en contra del \u201cpaquetazo\u201d de leyes.<\/p>\n<p style=\"text-align: justify;\">Organizaciones vecinales de la zona donde est\u00e1 el monumento de la Madre India ayer tambi\u00e9n salieron a protestar. Los activistas tambi\u00e9n reclamaron por la malla curricular y cuestionaron al sistema judicial, cuya credibilidad e independencia han sido cuestionadas, incluso, por organizaciones de derechos humanos y una depuraci\u00f3n del padr\u00f3n electoral.<\/p>\n<p style=\"text-align: justify;\">\u201cHay que dar un ejemplo de unidad, incluso a los opositores que no han podido dar respuesta a estos temas coyunturales. El martes vamos a hacer una gran marcha en cada uno de los departamentos. Desde el MAS y el Gobierno quieren anular a nuevos liderazgos que est\u00e1n saliendo a defender la patria\u201d, afirm\u00f3 Flores, quien aclar\u00f3 que este no es un momento de campa\u00f1a electoral para proyectar candidatos con miras a las elecciones de 2025.<\/p>\n<p style=\"text-align: justify;\">El primer proyecto observado, y que cobr\u00f3 notoriedad p\u00fablica, fue presentado por el Ministerio de Justicia con el prop\u00f3sito de \u201cfortalecer la lucha contra la legitimaci\u00f3n de Ganancias Il\u00edcitas\u201d. El proyecto 280 tiene dos art\u00edculos que endurecen los castigos con hasta 25 a\u00f1os de prisi\u00f3n para delitos de \u201cterrorismo\u201d, un tipo penal calificado de \u201cambiguo\u201d por el Grupo Interdisciplinario de Expertos Independientes (GIEI), la Comisi\u00f3n Interamericana de Derechos Humanos (CIDH) y entidades especializadas de la ONU.<\/p>\n<p style=\"text-align: justify;\">El abogado constitucionalista Carlos B\u00f6rth record\u00f3 que esta norma proviene de un compromiso internacional que promovi\u00f3 el Grupo de Acci\u00f3n Financiera (GAFI), una entidad alentada por Estados Unidos para detectar la financiaci\u00f3n de actividades terroristas. La iniciativa cobr\u00f3 mayor fuerza despu\u00e9s de los atentados a las Torres Gemelas en 2001.<\/p>\n<p style=\"text-align: justify;\">Ahora bien, la propuesta 280 establece penas para aquellos que incurran en acciones contra un gobierno democr\u00e1ticamente electo. De hecho, establece modificaciones al C\u00f3digo Penal.<\/p>\n<p style=\"text-align: justify;\">El ministro de Justicia, Iv\u00e1n Lima, explic\u00f3, anteriormente, que el alcance de la normativa prev\u00e9 regular el alcance del delito de terrorismo, seg\u00fan las recomendaciones del Grupo Interdisciplinario de Expertos Independientes (GIEI). Lima insisti\u00f3, en varias ocasiones, que se apunta a delitos de corrupci\u00f3n como el que pudo haber cometido el gobernador de Potos\u00ed, Jhonny Mamani, al comprar las 41 ambulancias.<\/p>\n<p style=\"text-align: justify;\">Por este delito de terrorismo tambi\u00e9n est\u00e1 detenido el gobernador de Santa Cruz, Luis Fernando Camacho, aunque la Fiscal\u00eda a\u00fan no present\u00f3 avances que prueben estos cargos. El plazo vence a fin de mes y este proceso est\u00e1 relacionado a la crisis pol\u00edtica de 2019.<\/p>\n<p style=\"text-align: justify;\">Hay m\u00e1s. El segundo proyecto de ley cuestionado tiene que ver con el \u201ccumplimiento de compromisos internacionales en materia de derechos humanos\u201d. La propuesta establece sanciones contra periodistas en su art\u00edculo 281 por \u201cdelitos discriminatorio o racial\u201d.<br \/>\nEst\u00e1 codificado con el n\u00famero 305 y las organizaciones del gremio se reunieron con Lima y legisladores de la oposici\u00f3n, pero el documento est\u00e1 intacto, aunque congelado en la Comisi\u00f3n de Constituci\u00f3n de la C\u00e1mara de Diputados.<\/p>\n<p style=\"text-align: justify;\">El presidente del Colegio M\u00e9dico, Luis Larrea, record\u00f3 ayer que el proyecto de ley 304, planteado por un legislador del MAS para penalizar mensajes emitidos por redes sociales, fue retirado tras conocerse la alianza multisectorial que se produjo la pasada semana.<br \/>\n\u201cSe ha decido hacer una marcha para el d\u00eda marcha a nivel nacional y, para eso, todos los sectores de esta alianza se han comprometido a participar. Hay cosas que no se han hecho bien y eso lo sabe el MAS. Lo \u00fanico que queremos es que el presidente Luis Arce nos escuche. Ser\u00e1 una marcha pac\u00edfica; nadie es desestabilizador. Lastimosamente, hay infiltrados y seguramente los habr\u00e1 el martes, por eso este mensaje va tambi\u00e9n a la Polic\u00eda\u201d, precis\u00f3 Luis Larrea.<\/p>\n<p style=\"text-align: justify;\">El presidente de la C\u00e1mara de Diputados, Jerges Mercado, ratific\u00f3 que las normas observadas ser\u00e1n socializadas antes de que sean tratadas en el Legislativo.<\/p>\n<p style=\"text-align: justify;\">En cuanto a la Gestora, el dirigente afirm\u00f3 que se pedir\u00e1 que el gerente de la identidad sea elegida a trav\u00e9s de un concurso de m\u00e9ritos y no por efecto \u201cdel dedazo pol\u00edtico\u201d, esto tomando en cuenta que estar\u00e1 a cargo del ahorro para la jubilaci\u00f3n de cerca de dos millones de ciudadanos bolivianos.<\/p>\n<p style=\"text-align: justify;\">El presidente de la Gestora, Jaime Dur\u00e1n, en una entrevista con EL DEBER, asegur\u00f3 que se har\u00e1n inversiones para mejorar la rentabilidad de las pensiones y asegur\u00f3 que se cuidar\u00e1n los recursos de los aportes. Consider\u00f3 que existe temor en la poblaci\u00f3n por este cambio, pero tambi\u00e9n por efecto de la difusi\u00f3n de noticias falsas. \u201cPor ejemplo, se ha dicho que este proceso ser\u00eda de confiscaci\u00f3n de los aportes, cuando explicamos que est\u00e1n vigentes los patrimonios aut\u00f3nomos y que los aportes est\u00e1n seguros\u201d, dijo.<\/p>\n","protected":false},"excerpt":{"rendered":"<p>Al menos 10 organizaciones que agrupan a gremialistas, c\u00edvicos, transportistas, docentes universitarios, m\u00e9dicos, plataformas y jubilados del pa\u00eds protagonizar\u00e1n una marcha nacional de protesta para rechazar los proyectos de ley 280 y 304. La medida se desarrollar\u00e1 ma\u00f1ana en las ciudades capitales sobre la base de un acuerdo de unidad firmado hace una semana entre [&hellip;]<\/p>\n","protected":false},"author":4,"featured_media":48104,"comment_status":"open","ping_status":"closed","sticky":false,"template":"","format":"standard","meta":{"footnotes":""},"categories":[49],"tags":[],"class_list":{"0":"post-48103","1":"post","2":"type-post","3":"status-publish","4":"format-standard","5":"has-post-thumbnail","7":"category-social"},"_links":{"self":[{"href":"https:\/\/jms.com.bo\/mediamonitor\/wp-json\/wp\/v2\/posts\/48103","targetHints":{"allow":["GET"]}}],"collection":[{"href":"https:\/\/jms.com.bo\/mediamonitor\/wp-json\/wp\/v2\/posts"}],"about":[{"href":"https:\/\/jms.com.bo\/mediamonitor\/wp-json\/wp\/v2\/types\/post"}],"author":[{"embeddable":true,"href":"https:\/\/jms.com.bo\/mediamonitor\/wp-json\/wp\/v2\/users\/4"}],"replies":[{"embeddable":true,"href":"https:\/\/jms.com.bo\/mediamonitor\/wp-json\/wp\/v2\/comments?post=48103"}],"version-history":[{"count":0,"href":"https:\/\/jms.com.bo\/mediamonitor\/wp-json\/wp\/v2\/posts\/48103\/revisions"}],"wp:featuredmedia":[{"embeddable":true,"href":"https:\/\/jms.com.bo\/mediamonitor\/wp-json\/wp\/v2\/media\/48104"}],"wp:attachment":[{"href":"https:\/\/jms.com.bo\/mediamonitor\/wp-json\/wp\/v2\/media?parent=48103"}],"wp:term":[{"taxonomy":"category","embeddable":true,"href":"https:\/\/jms.com.bo\/mediamonitor\/wp-json\/wp\/v2\/categories?post=48103"},{"taxonomy":"post_tag","embeddable":true,"href":"https:\/\/jms.com.bo\/mediamonitor\/wp-json\/wp\/v2\/tags?post=48103"}],"curies":[{"name":"wp","href":"https:\/\/api.w.org\/{rel}","templated":true}]}}