{"id":48111,"date":"2023-04-17T06:30:16","date_gmt":"2023-04-17T10:30:16","guid":{"rendered":"https:\/\/jms.com.bo\/mediamonitor\/2023\/04\/17\/evo-yo-dije-la-pobreza-esta-retornando-el-ministro-me-dice-en-el-chapare-estara-mal-la-economia\/"},"modified":"2023-04-17T06:30:16","modified_gmt":"2023-04-17T10:30:16","slug":"evo-yo-dije-la-pobreza-esta-retornando-el-ministro-me-dice-en-el-chapare-estara-mal-la-economia","status":"publish","type":"post","link":"https:\/\/jms.com.bo\/mediamonitor\/2023\/04\/17\/evo-yo-dije-la-pobreza-esta-retornando-el-ministro-me-dice-en-el-chapare-estara-mal-la-economia\/","title":{"rendered":"Evo: \u201cYo dije la pobreza est\u00e1 retornando. El ministro me dice en el Chapare estar\u00e1 mal la econom\u00eda\u201d"},"content":{"rendered":"<p style=\"text-align: justify;\">El expresidente y l\u00edder del Movimiento Al Socialismo (MAS), Evo Morales, se\u00f1al\u00f3 que ya hab\u00eda alertado al presidente Luis Arce y al ministro de Econom\u00eda, Marcelo Montenegro, de que la econom\u00eda boliviana no estaba bien y que la pobreza est\u00e1 retornando al pa\u00eds, sin embargo, revel\u00f3 que el ministro le respondi\u00f3 \u201catrevidamente\u201d que en el Chapare, Cochabamba, debe estar mal la econom\u00eda.<\/p>\n<p style=\"text-align: justify;\">\u201cEn una reuni\u00f3n que tuvimos a puertas cerradas con el ministro de Econom\u00eda y Presidente, cuando yo dije: \u2018No hay movimiento econ\u00f3mico, estamos mal, la pobreza est\u00e1 retornando\u2019; el ministro muy atrevidamente me dice: \u2018En Chapare estar\u00e1 mal la econom\u00eda\u2019. Bueno escuch\u00e9, entend\u00ed, no refute para nada\u201d, se\u00f1al\u00f3 el exmandatario en su programa dominical en radio Kawsachun Coca.<\/p>\n<p style=\"text-align: justify;\">Morales dio hoy sus criterios sobre la econom\u00eda boliviana y reiter\u00f3 lo que viene diciendo desde el a\u00f1o pasado: \u201cNo estamos tan bien econ\u00f3micamente\u201d. Lament\u00f3 que el actual gobierno diga que todo est\u00e1 bien.<\/p>\n<p style=\"text-align: justify;\">El l\u00edder del MAS expres\u00f3 su preocupaci\u00f3n por este tema ya que desde hace unas semanas instancias internacionales alertaron que el riesgo pa\u00eds de Bolivia est\u00e1 entre los m\u00e1s altos.<\/p>\n<p style=\"text-align: justify;\">Acot\u00f3 que el aplicar programas o pol\u00edticas con contracci\u00f3n econ\u00f3mica, \u201ces llevarnos a la pobreza\u201d.<\/p>\n<p style=\"text-align: justify;\">Morales indic\u00f3 que con el paso del tiempo le dio la raz\u00f3n sobre el tema econ\u00f3mico, y lament\u00f3 que ahora el ministro Montenegro lo culpe por esa situaci\u00f3n.<\/p>\n<p style=\"text-align: justify;\">\u201cEl ministro de Econom\u00eda me echa la culpa a m\u00ed, pero qui\u00e9n era, despu\u00e9s de que el compa\u00f1ero Carlos Villegas falleci\u00f3 lamentablemente, responsable del equipo econ\u00f3mico, del (gabinete) econ\u00f3mico era Lucho Arce, pero su ministro de Econom\u00eda me echa la culpa p\u00fablicamente, sin darse cuenta que era el ministro Arce, ahora presidente, responsable de la econom\u00eda\u201d, se\u00f1al\u00f3.<\/p>\n<p style=\"text-align: justify;\">Para el exmandatario, desde el a\u00f1o pasado, no hay programa social ni productivo que permita generar nuevas divisas. Morales espera que se cambie este panorama.<\/p>\n<p style=\"text-align: justify;\">\n","protected":false},"excerpt":{"rendered":"<p>El expresidente y l\u00edder del Movimiento Al Socialismo (MAS), Evo Morales, se\u00f1al\u00f3 que ya hab\u00eda alertado al presidente Luis Arce y al ministro de Econom\u00eda, Marcelo Montenegro, de que la econom\u00eda boliviana no estaba bien y que la pobreza est\u00e1 retornando al pa\u00eds, sin embargo, revel\u00f3 que el ministro le respondi\u00f3 \u201catrevidamente\u201d que en el [&hellip;]<\/p>\n","protected":false},"author":4,"featured_media":48112,"comment_status":"open","ping_status":"closed","sticky":false,"template":"","format":"standard","meta":{"footnotes":""},"categories":[18],"tags":[],"class_list":{"0":"post-48111","1":"post","2":"type-post","3":"status-publish","4":"format-standard","5":"has-post-thumbnail","7":"category-politica"},"_links":{"self":[{"href":"https:\/\/jms.com.bo\/mediamonitor\/wp-json\/wp\/v2\/posts\/48111","targetHints":{"allow":["GET"]}}],"collection":[{"href":"https:\/\/jms.com.bo\/mediamonitor\/wp-json\/wp\/v2\/posts"}],"about":[{"href":"https:\/\/jms.com.bo\/mediamonitor\/wp-json\/wp\/v2\/types\/post"}],"author":[{"embeddable":true,"href":"https:\/\/jms.com.bo\/mediamonitor\/wp-json\/wp\/v2\/users\/4"}],"replies":[{"embeddable":true,"href":"https:\/\/jms.com.bo\/mediamonitor\/wp-json\/wp\/v2\/comments?post=48111"}],"version-history":[{"count":0,"href":"https:\/\/jms.com.bo\/mediamonitor\/wp-json\/wp\/v2\/posts\/48111\/revisions"}],"wp:featuredmedia":[{"embeddable":true,"href":"https:\/\/jms.com.bo\/mediamonitor\/wp-json\/wp\/v2\/media\/48112"}],"wp:attachment":[{"href":"https:\/\/jms.com.bo\/mediamonitor\/wp-json\/wp\/v2\/media?parent=48111"}],"wp:term":[{"taxonomy":"category","embeddable":true,"href":"https:\/\/jms.com.bo\/mediamonitor\/wp-json\/wp\/v2\/categories?post=48111"},{"taxonomy":"post_tag","embeddable":true,"href":"https:\/\/jms.com.bo\/mediamonitor\/wp-json\/wp\/v2\/tags?post=48111"}],"curies":[{"name":"wp","href":"https:\/\/api.w.org\/{rel}","templated":true}]}}