{"id":48220,"date":"2023-04-18T06:45:53","date_gmt":"2023-04-18T10:45:53","guid":{"rendered":"https:\/\/jms.com.bo\/mediamonitor\/2023\/04\/18\/arcelor-desarrolla-un-proyecto-de-energia-eolica-en-brasil-con-una-capacidad-de-554-mw\/"},"modified":"2023-04-18T06:45:53","modified_gmt":"2023-04-18T10:45:53","slug":"arcelor-desarrolla-un-proyecto-de-energia-eolica-en-brasil-con-una-capacidad-de-554-mw","status":"publish","type":"post","link":"https:\/\/jms.com.bo\/mediamonitor\/2023\/04\/18\/arcelor-desarrolla-un-proyecto-de-energia-eolica-en-brasil-con-una-capacidad-de-554-mw\/","title":{"rendered":"Arcelor desarrolla un proyecto de energ\u00eda e\u00f3lica en Brasil con una capacidad de 554 MW"},"content":{"rendered":"<p style=\"text-align: justify;\">ArcelorMittal desarrollar\u00e1 un proyecto de energ\u00eda e\u00f3lica con una capacidad de generaci\u00f3n de 554 MW en Brasil. Para ello, ha constituido una sociedad junto a Casa dos Ventos, uno de los mayores promotores y productores de energ\u00edas renovables del pa\u00eds latinoamericano. La empresa conjunta estar\u00e1 participada al 55% por ArcelorMittal Brasil y al 45 % por Casa dos Ventos.<\/p>\n<p style=\"text-align: justify;\">El objetivo del proyecto, que supone una inversi\u00f3n de aproximadamente 800 millones de d\u00f3lares, es asegurar y descarbonizar una parte considerable de las futuras necesidades de electricidad de ArcelorMittal Brasil. Se estima que cubrir\u00e1 el 38% de las necesidades totales de electricidad de ArcelorMittal Brasil en 2030. La inversi\u00f3n total de ArceloMittal ascender\u00e1 aproximadamente a 150 millones de d\u00f3lares.<\/p>\n<p style=\"text-align: justify;\">\u00abLa colaboraci\u00f3n con un reputado operador de transici\u00f3n energ\u00e9tica como Casa dos Ventos nos permite aprovechar el favorable clima brasile\u00f1o para la generaci\u00f3n de energ\u00eda renovable y avanzar m\u00e1s r\u00e1pidamente hacia la consecuci\u00f3n de nuestros objetivos clim\u00e1ticos\u00bb, ha destacado Aditya Mittal, consejero delegado de ArcelorMittal.<\/p>\n","protected":false},"excerpt":{"rendered":"<p>ArcelorMittal desarrollar\u00e1 un proyecto de energ\u00eda e\u00f3lica con una capacidad de generaci\u00f3n de 554 MW en Brasil. Para ello, ha constituido una sociedad junto a Casa dos Ventos, uno de los mayores promotores y productores de energ\u00edas renovables del pa\u00eds latinoamericano. La empresa conjunta estar\u00e1 participada al 55% por ArcelorMittal Brasil y al 45 % [&hellip;]<\/p>\n","protected":false},"author":4,"featured_media":48221,"comment_status":"open","ping_status":"closed","sticky":false,"template":"","format":"standard","meta":{"footnotes":""},"categories":[39,44,48],"tags":[],"class_list":{"0":"post-48220","1":"post","2":"type-post","3":"status-publish","4":"format-standard","5":"has-post-thumbnail","7":"category-energia","8":"category-portada-energia","9":"category-portada-general-sitio"},"_links":{"self":[{"href":"https:\/\/jms.com.bo\/mediamonitor\/wp-json\/wp\/v2\/posts\/48220","targetHints":{"allow":["GET"]}}],"collection":[{"href":"https:\/\/jms.com.bo\/mediamonitor\/wp-json\/wp\/v2\/posts"}],"about":[{"href":"https:\/\/jms.com.bo\/mediamonitor\/wp-json\/wp\/v2\/types\/post"}],"author":[{"embeddable":true,"href":"https:\/\/jms.com.bo\/mediamonitor\/wp-json\/wp\/v2\/users\/4"}],"replies":[{"embeddable":true,"href":"https:\/\/jms.com.bo\/mediamonitor\/wp-json\/wp\/v2\/comments?post=48220"}],"version-history":[{"count":0,"href":"https:\/\/jms.com.bo\/mediamonitor\/wp-json\/wp\/v2\/posts\/48220\/revisions"}],"wp:featuredmedia":[{"embeddable":true,"href":"https:\/\/jms.com.bo\/mediamonitor\/wp-json\/wp\/v2\/media\/48221"}],"wp:attachment":[{"href":"https:\/\/jms.com.bo\/mediamonitor\/wp-json\/wp\/v2\/media?parent=48220"}],"wp:term":[{"taxonomy":"category","embeddable":true,"href":"https:\/\/jms.com.bo\/mediamonitor\/wp-json\/wp\/v2\/categories?post=48220"},{"taxonomy":"post_tag","embeddable":true,"href":"https:\/\/jms.com.bo\/mediamonitor\/wp-json\/wp\/v2\/tags?post=48220"}],"curies":[{"name":"wp","href":"https:\/\/api.w.org\/{rel}","templated":true}]}}