{"id":48276,"date":"2023-04-19T06:15:03","date_gmt":"2023-04-19T10:15:03","guid":{"rendered":"https:\/\/jms.com.bo\/mediamonitor\/2023\/04\/19\/el-65-de-pacientes-con-infeccion-respiratoria-en-la-paz-son-menores-a-cinco-anos\/"},"modified":"2023-04-19T06:15:03","modified_gmt":"2023-04-19T10:15:03","slug":"el-65-de-pacientes-con-infeccion-respiratoria-en-la-paz-son-menores-a-cinco-anos","status":"publish","type":"post","link":"https:\/\/jms.com.bo\/mediamonitor\/2023\/04\/19\/el-65-de-pacientes-con-infeccion-respiratoria-en-la-paz-son-menores-a-cinco-anos\/","title":{"rendered":"El 65% de pacientes con infecci\u00f3n respiratoria en La Paz son menores a cinco a\u00f1os"},"content":{"rendered":"<p style=\"text-align: justify;\">El director t\u00e9cnico del Servicio Departamental de Salud (Sedes) La Paz, Prisley Riveros, inform\u00f3 este martes que el 65% de las personas con Infecci\u00f3n Respiratoria Aguada (IRA) en el departamento son menores de los cinco a\u00f1os.<\/p>\n<p style=\"text-align: justify;\">\u201cDel total de los casos (con resfr\u00edo), el 65% son menores a los cinco a\u00f1os\u201d, dijo, y enfatiz\u00f3 que este grupo etario es uno de los m\u00e1s vulnerables a la enfermedad, al que le siguen los adultos mayores y personas con enfermedades de base.<\/p>\n<p style=\"text-align: justify;\">Asimismo, indic\u00f3 que solo en la \u00faltima semana epidemiol\u00f3gica, la instituci\u00f3n report\u00f3 en el departamento 23.164 casos de resfriados y de enero a la fecha el n\u00famero de contagios se aproxima a los 180.000 casos.<\/p>\n<p style=\"text-align: justify;\">Ni\u00f1os de cinco a\u00f1os<\/p>\n<p style=\"text-align: justify;\">El titular del Sedes La Paz sugiri\u00f3 a los padres de familia \u2013que por lo menos, entre uno a tres d\u00edas\u2014no enviar a los ni\u00f1os con s\u00edntomas de resfr\u00edo a sus unidades educativas para evitar la proliferaci\u00f3n de la enfermedad.<\/p>\n<p style=\"text-align: justify;\">Fiebre, malestar general, congesti\u00f3n y secreci\u00f3n nasal, adem\u00e1s de tos, dolor de garganta, expectoraci\u00f3n y dificultad para respirar son los s\u00edntomas m\u00e1s recurrentes del resfr\u00edo.<\/p>\n<p style=\"text-align: justify;\">Ante la presencia del virus \u2018respiratorio sincicial\u2019 que genera la infecci\u00f3n respiratoria, pidi\u00f3 a la poblaci\u00f3n mantener las medidas de bioseguridad que se aplic\u00f3 contra el COVID-19: uso del barbijo, el lavado de manos y el uso del alcohol en gel.<\/p>\n<p style=\"text-align: justify;\">Enfatiz\u00f3 que estas medidas deben ser aplicadas, principalmente, en los ni\u00f1os en edad escolar que asisten a las unidades educativas.<\/p>\n<p style=\"text-align: justify;\">El resfriado se contagia a trav\u00e9s de diminutas gotitas a\u00e9reas que se liberan cuando una persona enferma estornuda, tose o se suena la nariz. Para mitigar ello, Riveros sugiri\u00f3 reforzar el sistema inmune con el consumo de l\u00edquidos, frutas y verduras con alto contenido de vitamina C, adem\u00e1s de suplementos vitam\u00ednicos.<\/p>\n","protected":false},"excerpt":{"rendered":"<p>El director t\u00e9cnico del Servicio Departamental de Salud (Sedes) La Paz, Prisley Riveros, inform\u00f3 este martes que el 65% de las personas con Infecci\u00f3n Respiratoria Aguada (IRA) en el departamento son menores de los cinco a\u00f1os. \u201cDel total de los casos (con resfr\u00edo), el 65% son menores a los cinco a\u00f1os\u201d, dijo, y enfatiz\u00f3 que [&hellip;]<\/p>\n","protected":false},"author":4,"featured_media":48277,"comment_status":"open","ping_status":"closed","sticky":false,"template":"","format":"standard","meta":{"footnotes":""},"categories":[53],"tags":[],"class_list":{"0":"post-48276","1":"post","2":"type-post","3":"status-publish","4":"format-standard","5":"has-post-thumbnail","7":"category-salud"},"_links":{"self":[{"href":"https:\/\/jms.com.bo\/mediamonitor\/wp-json\/wp\/v2\/posts\/48276","targetHints":{"allow":["GET"]}}],"collection":[{"href":"https:\/\/jms.com.bo\/mediamonitor\/wp-json\/wp\/v2\/posts"}],"about":[{"href":"https:\/\/jms.com.bo\/mediamonitor\/wp-json\/wp\/v2\/types\/post"}],"author":[{"embeddable":true,"href":"https:\/\/jms.com.bo\/mediamonitor\/wp-json\/wp\/v2\/users\/4"}],"replies":[{"embeddable":true,"href":"https:\/\/jms.com.bo\/mediamonitor\/wp-json\/wp\/v2\/comments?post=48276"}],"version-history":[{"count":0,"href":"https:\/\/jms.com.bo\/mediamonitor\/wp-json\/wp\/v2\/posts\/48276\/revisions"}],"wp:featuredmedia":[{"embeddable":true,"href":"https:\/\/jms.com.bo\/mediamonitor\/wp-json\/wp\/v2\/media\/48277"}],"wp:attachment":[{"href":"https:\/\/jms.com.bo\/mediamonitor\/wp-json\/wp\/v2\/media?parent=48276"}],"wp:term":[{"taxonomy":"category","embeddable":true,"href":"https:\/\/jms.com.bo\/mediamonitor\/wp-json\/wp\/v2\/categories?post=48276"},{"taxonomy":"post_tag","embeddable":true,"href":"https:\/\/jms.com.bo\/mediamonitor\/wp-json\/wp\/v2\/tags?post=48276"}],"curies":[{"name":"wp","href":"https:\/\/api.w.org\/{rel}","templated":true}]}}