{"id":48280,"date":"2023-04-19T06:37:45","date_gmt":"2023-04-19T10:37:45","guid":{"rendered":"https:\/\/jms.com.bo\/mediamonitor\/2023\/04\/19\/brigadas-salen-a-vacunar-casa-por-casa-y-buscan-subir-la-cobertura-en-los-refuerzos\/"},"modified":"2023-04-19T06:37:45","modified_gmt":"2023-04-19T10:37:45","slug":"brigadas-salen-a-vacunar-casa-por-casa-y-buscan-subir-la-cobertura-en-los-refuerzos","status":"publish","type":"post","link":"https:\/\/jms.com.bo\/mediamonitor\/2023\/04\/19\/brigadas-salen-a-vacunar-casa-por-casa-y-buscan-subir-la-cobertura-en-los-refuerzos\/","title":{"rendered":"Brigadas salen a vacunar casa por casa y buscan subir la cobertura en los refuerzos"},"content":{"rendered":"<div>\n<p>Ni el sur y chilchi las detiene. Las brigadas de salud recorren los barrios, cargando termos con hielo para conservar la cadena de fr\u00edo y llegar con vacunas oportunas a los ni\u00f1os y familias que necesitan.<br \/>\nLos brigadistas le ponen hombro a la vacunaci\u00f3n que se refuerza con la\u00a0<i>Campa\u00f1a de las Am\u00e9ricas<\/i>, que se desarrolla hasta el 14 de mayo y tiene como meta vacunar a m\u00e1s de 94.000 ni\u00f1os, de 2 a 5 a\u00f1os, contra 23 enfermedades.<\/p>\n<\/div>\n<div>\n<p>Tanto en los centros de salud, como en los rastrillajes, se ofrecen las 13 vacunas del esquema regular, pero esta vez\u00a0<strong>la cruzada pone \u00e9nfasis en la aplicaci\u00f3n de las do<\/strong>sis de refuerzo, que son las que tienen menor cobertura.<br \/>\nBuscan administrar especialmente los biol\u00f3gicos contra la rub\u00e9ola, paperas, sarampi\u00f3n y poliomielitis a los menores de edad.<\/p>\n<\/div>\n<div>\n<p>El centro de salud San Luis, ubicado en el barrio que lleva el mismo nombre, es uno de los establecimientos de\u00a0<strong>salud que viene desplazando brigadas hasta los domicilios y mercados de la zona. Ayer llegar<\/strong>on hasta los mercados San Luis y La Ramada, donde lograron aplicar las dosis del esquema regular, especialmente contra el t\u00e9tanos.<br \/>\nVilma Ruiz, responsable de vacunaci\u00f3n del centro, inform\u00f3 que tambi\u00e9n se disponen de dosis en este establecimiento, donde cada d\u00eda se vacunan a unos 15 ni\u00f1os contra distintas enfermedades.<\/p>\n<\/div>\n<div>\n<p>El director de este centro, Edwin Peralta, resalt\u00f3 que para esta campa\u00f1a se cuenta con el apoyo de estudiantes de enfermer\u00eda de \u00faltimo a\u00f1o de universidades, de institutos d<strong>e enfermer\u00eda y de enfermeras que salen a recorrer los barrios de 8:00 a 14:00. Tambi\u00e9n se hace perifon<\/strong>eo para que la gente sepa de la cruzada y abra sus puertas a los vacunadores.<\/p>\n<\/div>\n<div>\n<p>Las brigadas insisten en colocar la protecci\u00f3n a los ni\u00f1os, pese a que se encuentran con muchas interferencias en sus recorridos. \u201cDicen no hay ni\u00f1os; sin embargo, est\u00e1n corriendo por todos lados en el patio. Tambi\u00e9n nos dicen\u00a0<strong>ya crecieron los ni\u00f1os. Hay hogares que s\u00ed abren las puertas y hasta buscan a todos los que est\u00e1n en<\/strong>\u00a0edad de vacunarse\u201d, comentan dos brigadistas que recorrieron los mercados San Luis y 4 de Noviembre, pero tambi\u00e9n les toca desplazarse hasta los hogares.<br \/>\nEntre las vacunas que m\u00e1s se requieren est\u00e1n las dosis contra el t\u00e9tanos y contra la influenza, pero la nueva vacuna contra la gripe reci\u00e9n se comenzar\u00e1 aplicar desde mayo.<\/p>\n<\/div>\n<div>\n<p>Hay personas que llevan a sus ni\u00f1os hasta el centro de vacunaci\u00f3n para empezar o completar el esquema de i<strong>nmunizaci\u00f3n de sus hijos con el prop\u00f3sito de prevenir enfermedades. Kathia Rosales llev\u00f3 de su nieto de t<\/strong>res d\u00edas de nacido para iniciar las vacunas. Tiene cuatro hijas y cinco nietos, pero siempre se ha preocupado para que todos reciban las dosis que les corresponde.<\/p>\n<\/div>\n<div>\n<p>Margarita Zurita es rigurosa con las vacunas de sus ni\u00f1os, de 4 y 2 a\u00f1os, pues incluso los llev\u00f3 a que les coloquen los refuerzos del sarampi\u00f3n y de la poliomielitis.<br \/>\n\u201c<strong>Mis hijos est\u00e1n al d\u00eda con las vacunas. (Las dosis) son buenas porque previenen enfermedades\u201d, manifiesta.<\/strong><\/p>\n<\/div>\n<div>\n<p>Santiago Rafael Cortez Condori (8) acudi\u00f3 este martes, junto a su t\u00eda Maribel, para buscar la dosis contra la fiebre\u00a0<strong>amarilla, dado que cuando las brigadas visitaron su hogar \u00e9l se encontraba en la escuela, por lo que no pudo<\/strong>\u00a0recibirla. \u201cTodos los dem\u00e1s en la casa nos hicimos poner las vacunas que nos faltaban, por eso ahora venimos para que \u00e9l complete sus dosis\u201d, coment\u00f3 Maribel.<\/p>\n<\/div>\n<div>\n<p><b>La campa\u00f1a<\/b><br \/>\nLa secretaria municipal de Salud, Adriana Amelunge, inform\u00f3 que el Gobierno Municipal se moviliza para incrementar las coberturas de vacunaci\u00f3n que contempla\u00a0<strong>el Programa Ampliado de Inmunizaci\u00f3n (PAI) y que est\u00e1n<\/strong>\u00a0disponibles en todos los centros de salud y con las brigadas casa por casa.<\/p>\n<\/div>\n<div>\n<p>Han previsto desplazar 390 brigadas, con lo que prev\u00e9n movilizar a m\u00e1s de 700 personas, mientras que 82 motorizados hacen el perifoneo para anunciar la cruzada\u00a0<strong>que llega hasta los distintos barrios de la ciudad. De acuerdo con el plan municipal son 138 brigadas\u00a0<\/strong>que se desplazan en la red este, 100 en la norte, 92 en la sur y 60 en la red centro.<\/p>\n<\/div>\n<div>\n<p>El Servicio Departamental de Salud (Sedes) se\u00f1al\u00f3 que el esquema de vacunaci\u00f3n contempla dosis de las vacunas SRP1, que previene el sarampi\u00f3n, rub\u00e9ola y paperas; y la SRP2, que es el refuerzo. La campa\u00f1a apunta a mejorar la cobertura del refuerzo, puesto que llega solo al 47%.<br \/>\n<strong>Tambi\u00e9n se administra la Penta 4, que protege contra la difteria, coqueluche, t\u00e9tanos y hepatitis, y cuyo refuerzo<\/strong>\u00a0tiene solo un 51% de cobertura. Lo mismo ocurre con la Polio4, que es la dosis antipoliomiel\u00edtica, que tambi\u00e9n tiene un 51% de cobertura.<\/p>\n<\/div>\n<div>\n<p><b>En provincias<\/b><br \/>\nEn los municipios de provincias tambi\u00e9n se realizan campa\u00f1as de vacunaci\u00f3n. En Porongo est\u00e1n impulsando brigadas y algunas actividades. Para el viernes tienen prevista una feria de salud contra la malaria y la fiebre a<strong>marilla en la comunidad de Santa Fe, donde tambi\u00e9n<\/strong>\u00a0prev\u00e9n tomar muestras sobre esta enfermedad.<\/p>\n<\/div>\n<div>\n<p>\u201cNecesitamos prevenir las enfermedades. Invitamos a la poblaci\u00f3n a acudir a los centros de salud de nuestro municipio para recibir las dosis. Tambi\u00e9n tenemos brigadas que ir\u00e1n a los domicilios\u201d, dijo Piedades Ribera, directora de Salud.<\/p>\n<\/div>\n<div>\n<p>Esta campa\u00f1a estar\u00e1 vigente hasta el 17 de mayo, de lunes a domingo. En los centros de salud con atenci\u00f3n de 8 horas se vacunar\u00e1 de 08:00 a 16:00 y en los centros de atenci\u00f3n de 12 horas, de 08:00 a 18:00.<br \/>\nEn el municipio de San Mat\u00edas las brigadas llegaron a las\u00a0<strong>casas, donde los ni\u00f1os recibieron las vacunas que les faltaban, como sucedi\u00f3 en Ascensi\u00f3n de la Fronter<\/strong>a.<br \/>\nSeg\u00fan Giovani Borth, gerente de la Red de Salud de la Provincia \u00c1ngel Sandoval, est\u00e1n dando fuerza a la vacunaci\u00f3n con las visitas a los hogares.<\/p>\n<\/div>\n<div>\n<p><b>Covid<\/b><br \/>\nPor otro lado, en los centros de diagn\u00f3stico se contin\u00faan detectando casos positivos de coronavirus. Este lunes se realizaron 2.760 pruebas en el pa\u00eds, de las cuales 39 dieron positivo, por lo que piden a la poblaci\u00f3n mantener\u00a0<strong>las medidas de bioseguridad para evitar el contagio no solo de coronavirus, sino tambi\u00e9n de todas l<\/strong>as enfermedades respiratorias. Adem\u00e1s, se siguen registrando fallecidos, pues a inicio de esta semana se contabiliz\u00f3 un deceso por covid.<\/p>\n<\/div>\n<div>\n<p>Las autoridades llaman a acudir a los centros de inmunizaci\u00f3n para recibir los refuerzos.<br \/>\nEl ministro de Salud, Jeyson Auza, pidi\u00f3 a la poblaci\u00f3n estar protegida porque se acerca la temporada fr\u00eda que favorece al incremento de las enfermedades respiratorias.<br \/>\nLas autoridades tambi<strong>\u00e9n recomiendan aplicar los filtros de prevenci\u00f3n en los establecimientos educativos.<\/strong><\/p>\n<\/div>\n","protected":false},"excerpt":{"rendered":"<p>Ni el sur y chilchi las detiene. Las brigadas de salud recorren los barrios, cargando termos con hielo para conservar la cadena de fr\u00edo y llegar con vacunas oportunas a los ni\u00f1os y familias que necesitan. Los brigadistas le ponen hombro a la vacunaci\u00f3n que se refuerza con la\u00a0Campa\u00f1a de las Am\u00e9ricas, que se desarrolla [&hellip;]<\/p>\n","protected":false},"author":1,"featured_media":48281,"comment_status":"open","ping_status":"closed","sticky":false,"template":"","format":"standard","meta":{"footnotes":""},"categories":[53],"tags":[],"class_list":{"0":"post-48280","1":"post","2":"type-post","3":"status-publish","4":"format-standard","5":"has-post-thumbnail","7":"category-salud"},"_links":{"self":[{"href":"https:\/\/jms.com.bo\/mediamonitor\/wp-json\/wp\/v2\/posts\/48280","targetHints":{"allow":["GET"]}}],"collection":[{"href":"https:\/\/jms.com.bo\/mediamonitor\/wp-json\/wp\/v2\/posts"}],"about":[{"href":"https:\/\/jms.com.bo\/mediamonitor\/wp-json\/wp\/v2\/types\/post"}],"author":[{"embeddable":true,"href":"https:\/\/jms.com.bo\/mediamonitor\/wp-json\/wp\/v2\/users\/1"}],"replies":[{"embeddable":true,"href":"https:\/\/jms.com.bo\/mediamonitor\/wp-json\/wp\/v2\/comments?post=48280"}],"version-history":[{"count":0,"href":"https:\/\/jms.com.bo\/mediamonitor\/wp-json\/wp\/v2\/posts\/48280\/revisions"}],"wp:featuredmedia":[{"embeddable":true,"href":"https:\/\/jms.com.bo\/mediamonitor\/wp-json\/wp\/v2\/media\/48281"}],"wp:attachment":[{"href":"https:\/\/jms.com.bo\/mediamonitor\/wp-json\/wp\/v2\/media?parent=48280"}],"wp:term":[{"taxonomy":"category","embeddable":true,"href":"https:\/\/jms.com.bo\/mediamonitor\/wp-json\/wp\/v2\/categories?post=48280"},{"taxonomy":"post_tag","embeddable":true,"href":"https:\/\/jms.com.bo\/mediamonitor\/wp-json\/wp\/v2\/tags?post=48280"}],"curies":[{"name":"wp","href":"https:\/\/api.w.org\/{rel}","templated":true}]}}