{"id":48288,"date":"2023-04-19T07:19:57","date_gmt":"2023-04-19T11:19:57","guid":{"rendered":"https:\/\/jms.com.bo\/mediamonitor\/2023\/04\/19\/maestros-piden-dialogar-con-el-presidente-arce\/"},"modified":"2023-04-19T07:19:57","modified_gmt":"2023-04-19T11:19:57","slug":"maestros-piden-dialogar-con-el-presidente-arce","status":"publish","type":"post","link":"https:\/\/jms.com.bo\/mediamonitor\/2023\/04\/19\/maestros-piden-dialogar-con-el-presidente-arce\/","title":{"rendered":"Maestros piden dialogar con el presidente Arce"},"content":{"rendered":"<p style=\"text-align: justify;\">Los maestros urbanos del pa\u00eds solicitaron al Gobierno designar un interlocutor porque consideran que el ministro de Educaci\u00f3n, \u00c9dgar Pary, no atendi\u00f3 sus demandas pese a las innumerables reuniones. Enviaron una carta para pedir audiencia con el presidente Luis Arce.<\/p>\n<p style=\"text-align: justify;\">\u201cHemos pedido otro interlocutor para que tenga capacidad de resoluci\u00f3n del conflicto y que tenga capacidad de decisi\u00f3n. Hemos pedido reunirnos con el presidente\u201d, inform\u00f3 el dirigente departamental de La Paz, Jos\u00e9 Luis \u00c1lvarez.<\/p>\n<p style=\"text-align: justify;\">El profesor aclar\u00f3 que como magisterio no firmaron ning\u00fan acuerdo con dirigentes de la alianza multisectorial porque considera que \u201cquieren aprovecharse de nuestro conflicto\u201d, por eso marcharon en horarios diferenciados. Eso s\u00ed, dijo que reivindican los pedidos como el rechazo a cualquier intento de penalizar la protesta social y el problema de la libre expresi\u00f3n.<\/p>\n<p style=\"text-align: justify;\">El jueves, los maestros se reunir\u00e1n para debatir sobre el traspaso de las pensiones a la Gestora y el viernes realizar\u00e1n una marcha de antorchas para despu\u00e9s concentrarse en un nuevo ampliado donde definir\u00e1n la radicalizaci\u00f3n de sus medidas de protestas.<\/p>\n<p style=\"text-align: justify;\">Desde fines de febrero, el magisterio impulsa medidas de presi\u00f3n contra el Gobierno en busca de atenci\u00f3n a su pliego de 200 puntos, entre los que se prioriza cinco como creaci\u00f3n de \u00edtems, cambiar los contenidos de la malla curricular y m\u00e1s presupuesto. Hasta el momento no lograron respuestas del Ministerio de Educaci\u00f3n.<\/p>\n<p style=\"text-align: justify;\">La dirigencia de los educadores y las autoridades se reunieron en varias oportunidades y en ninguna se pudo lograr un acuerdo previo o un acta de entendimiento.<\/p>\n<p style=\"text-align: justify;\">Investigaci\u00f3n por plagio<\/p>\n<p style=\"text-align: justify;\">En medio de las protestas, amagues de enfrentamiento con la Polic\u00edas y falta de di\u00e1logo, el Ministerio de Educaci\u00f3n est\u00e1 en una pol\u00e9mica por el presunto plagio en las portadas de textos de apoyo con im\u00e1genes similares de animes japoneses \u2018Shigatsu wa Kimi no Uso\u2019, basado en el manga de Naoshi Arakawa y luego otra con el anime \u2018Orange\u2019.<\/p>\n<p style=\"text-align: justify;\">El ministro \u00c9dgar Pary admiti\u00f3 las irregularidades y se\u00f1al\u00f3 que con los procesos internos y con la aplicaci\u00f3n de sanciones a los responsables, se buscar\u00e1 sentar un precedente para que ese tipo de hechos no vuelva a ocurrir en futuras publicaciones que difunda el Ministerio de Educaci\u00f3n.<\/p>\n<p style=\"text-align: justify;\">El plagio solo ser\u00eda en algunos textos y, pese a ello, no cambiar\u00e1 el contenido del texto educativo del nivel inicial y secundario.<\/p>\n<p style=\"text-align: justify;\">El presidente de las juntas vecinales de Santa Cruz, Fheran Quintanilla, ve el plagio de las im\u00e1genes como un delito grave que consider\u00f3 como \u201cuna burla\u201d a la educaci\u00f3n de los ni\u00f1os y j\u00f3venes del pa\u00eds.<\/p>\n<p style=\"text-align: justify;\">\u201cCon este esc\u00e1ndalo que est\u00e1 circulando en las redes sociales, los padres est\u00e1n generando m\u00e1s desconfianza y hemos hecho notar al Ministerio de Educaci\u00f3n que se debe poner la sanci\u00f3n m\u00e1s dura a las personas que plagi\u00f3 por hacerse la burla de la educaci\u00f3n\u201d, manifest\u00f3 con molestia el dirigente cruce\u00f1o.<\/p>\n","protected":false},"excerpt":{"rendered":"<p>Los maestros urbanos del pa\u00eds solicitaron al Gobierno designar un interlocutor porque consideran que el ministro de Educaci\u00f3n, \u00c9dgar Pary, no atendi\u00f3 sus demandas pese a las innumerables reuniones. Enviaron una carta para pedir audiencia con el presidente Luis Arce. \u201cHemos pedido otro interlocutor para que tenga capacidad de resoluci\u00f3n del conflicto y que tenga [&hellip;]<\/p>\n","protected":false},"author":4,"featured_media":48289,"comment_status":"open","ping_status":"closed","sticky":false,"template":"","format":"standard","meta":{"footnotes":""},"categories":[49],"tags":[],"class_list":{"0":"post-48288","1":"post","2":"type-post","3":"status-publish","4":"format-standard","5":"has-post-thumbnail","7":"category-social"},"_links":{"self":[{"href":"https:\/\/jms.com.bo\/mediamonitor\/wp-json\/wp\/v2\/posts\/48288","targetHints":{"allow":["GET"]}}],"collection":[{"href":"https:\/\/jms.com.bo\/mediamonitor\/wp-json\/wp\/v2\/posts"}],"about":[{"href":"https:\/\/jms.com.bo\/mediamonitor\/wp-json\/wp\/v2\/types\/post"}],"author":[{"embeddable":true,"href":"https:\/\/jms.com.bo\/mediamonitor\/wp-json\/wp\/v2\/users\/4"}],"replies":[{"embeddable":true,"href":"https:\/\/jms.com.bo\/mediamonitor\/wp-json\/wp\/v2\/comments?post=48288"}],"version-history":[{"count":0,"href":"https:\/\/jms.com.bo\/mediamonitor\/wp-json\/wp\/v2\/posts\/48288\/revisions"}],"wp:featuredmedia":[{"embeddable":true,"href":"https:\/\/jms.com.bo\/mediamonitor\/wp-json\/wp\/v2\/media\/48289"}],"wp:attachment":[{"href":"https:\/\/jms.com.bo\/mediamonitor\/wp-json\/wp\/v2\/media?parent=48288"}],"wp:term":[{"taxonomy":"category","embeddable":true,"href":"https:\/\/jms.com.bo\/mediamonitor\/wp-json\/wp\/v2\/categories?post=48288"},{"taxonomy":"post_tag","embeddable":true,"href":"https:\/\/jms.com.bo\/mediamonitor\/wp-json\/wp\/v2\/tags?post=48288"}],"curies":[{"name":"wp","href":"https:\/\/api.w.org\/{rel}","templated":true}]}}