{"id":48290,"date":"2023-04-19T07:21:42","date_gmt":"2023-04-19T11:21:42","guid":{"rendered":"https:\/\/jms.com.bo\/mediamonitor\/2023\/04\/19\/auriferos-exigen-paralizar-ley-del-oro-tras-no-ser-atendidos-por-el-presidente-arce\/"},"modified":"2023-04-19T07:21:42","modified_gmt":"2023-04-19T11:21:42","slug":"auriferos-exigen-paralizar-ley-del-oro-tras-no-ser-atendidos-por-el-presidente-arce","status":"publish","type":"post","link":"https:\/\/jms.com.bo\/mediamonitor\/2023\/04\/19\/auriferos-exigen-paralizar-ley-del-oro-tras-no-ser-atendidos-por-el-presidente-arce\/","title":{"rendered":"Aur\u00edferos exigen paralizar ley del oro tras no ser atendidos por el presidente Arce"},"content":{"rendered":"<p style=\"text-align: justify;\">La Federaci\u00f3n Regional de Cooperativas Mineras Aur\u00edferas del Norte de La Paz (Fecoman) emiti\u00f3 una resoluci\u00f3n este martes en la que define pedir la paralizaci\u00f3n del tratamiento del proyecto de Ley del Oro, debido a que no fueron atendidos por el presidente Luis Arce. Los cooperativistas se\u00f1alan que el Gobierno no cumpli\u00f3 sus compromisos con el sector desde el 2021.<\/p>\n<p style=\"text-align: justify;\">\u201cPor eso hemos emanado esta resoluci\u00f3n con las diferentes federaciones, en la que estamos pidiendo que se haga la suspensi\u00f3n temporal del tratamiento de la ley de la compra del oro en las instancias correspondientes. Tambi\u00e9n pedimos la suspensi\u00f3n temporal del tratamiento de las mesas de trabajo del anteproyecto del r\u00e9gimen tributario planteado por nuestro sector\u201d, indic\u00f3 el presidente de Fecoman, Ramiro Balmaceda, citado por ANF.<\/p>\n<p style=\"text-align: justify;\">Mencion\u00f3 que hab\u00eda un acta de entendimiento firmada con el Gobierno, para poder viabilizar el proyecto de la ley del oro, pero los acuerdos no fueron cumplidos y por eso resolvieron paralizar todo lo que estaban trabajando con el Ejecutivo.<\/p>\n<p style=\"text-align: justify;\">El dirigente tambi\u00e9n resalt\u00f3 que su sector est\u00e1 en desacuerdo con el proyecto de ley 280 sobre la lucha contra la legitimaci\u00f3n de ganancias il\u00edcitas, porque ven que su sector puede ser vulnerable a posibles procesos judiciales o investigaciones arbitrarias.<\/p>\n<p style=\"text-align: justify;\">Adem\u00e1s, Balmaceda indic\u00f3 que sus afiliados rechazaron los Decretos Supremos 4910 y 4911 porque ambas normas radicalizan los controles a la venta de combustibles; el sector aur\u00edfero cree que no lograr\u00e1n ser abastecidos de forma regular.<\/p>\n<p style=\"text-align: justify;\">Desde fines de marzo pasado, la C\u00e1mara de Diputados resolvi\u00f3 aplazar el tratamiento de la norma luego de escuchar las observaciones de legisladores del MAS del ala evista como de la oposici\u00f3n.<\/p>\n","protected":false},"excerpt":{"rendered":"<p>La Federaci\u00f3n Regional de Cooperativas Mineras Aur\u00edferas del Norte de La Paz (Fecoman) emiti\u00f3 una resoluci\u00f3n este martes en la que define pedir la paralizaci\u00f3n del tratamiento del proyecto de Ley del Oro, debido a que no fueron atendidos por el presidente Luis Arce. Los cooperativistas se\u00f1alan que el Gobierno no cumpli\u00f3 sus compromisos con [&hellip;]<\/p>\n","protected":false},"author":4,"featured_media":48291,"comment_status":"open","ping_status":"closed","sticky":false,"template":"","format":"standard","meta":{"footnotes":""},"categories":[49],"tags":[],"class_list":{"0":"post-48290","1":"post","2":"type-post","3":"status-publish","4":"format-standard","5":"has-post-thumbnail","7":"category-social"},"_links":{"self":[{"href":"https:\/\/jms.com.bo\/mediamonitor\/wp-json\/wp\/v2\/posts\/48290","targetHints":{"allow":["GET"]}}],"collection":[{"href":"https:\/\/jms.com.bo\/mediamonitor\/wp-json\/wp\/v2\/posts"}],"about":[{"href":"https:\/\/jms.com.bo\/mediamonitor\/wp-json\/wp\/v2\/types\/post"}],"author":[{"embeddable":true,"href":"https:\/\/jms.com.bo\/mediamonitor\/wp-json\/wp\/v2\/users\/4"}],"replies":[{"embeddable":true,"href":"https:\/\/jms.com.bo\/mediamonitor\/wp-json\/wp\/v2\/comments?post=48290"}],"version-history":[{"count":0,"href":"https:\/\/jms.com.bo\/mediamonitor\/wp-json\/wp\/v2\/posts\/48290\/revisions"}],"wp:featuredmedia":[{"embeddable":true,"href":"https:\/\/jms.com.bo\/mediamonitor\/wp-json\/wp\/v2\/media\/48291"}],"wp:attachment":[{"href":"https:\/\/jms.com.bo\/mediamonitor\/wp-json\/wp\/v2\/media?parent=48290"}],"wp:term":[{"taxonomy":"category","embeddable":true,"href":"https:\/\/jms.com.bo\/mediamonitor\/wp-json\/wp\/v2\/categories?post=48290"},{"taxonomy":"post_tag","embeddable":true,"href":"https:\/\/jms.com.bo\/mediamonitor\/wp-json\/wp\/v2\/tags?post=48290"}],"curies":[{"name":"wp","href":"https:\/\/api.w.org\/{rel}","templated":true}]}}