{"id":48292,"date":"2023-04-19T07:23:30","date_gmt":"2023-04-19T11:23:30","guid":{"rendered":"https:\/\/jms.com.bo\/mediamonitor\/2023\/04\/19\/bajo-la-lluvia-con-cacerolas-y-megafonos-en-4-ciudades-retumbo-el-rechazo-al-paquetazo-de-leyes\/"},"modified":"2023-04-19T07:23:30","modified_gmt":"2023-04-19T11:23:30","slug":"bajo-la-lluvia-con-cacerolas-y-megafonos-en-4-ciudades-retumbo-el-rechazo-al-paquetazo-de-leyes","status":"publish","type":"post","link":"https:\/\/jms.com.bo\/mediamonitor\/2023\/04\/19\/bajo-la-lluvia-con-cacerolas-y-megafonos-en-4-ciudades-retumbo-el-rechazo-al-paquetazo-de-leyes\/","title":{"rendered":"Bajo la lluvia, con cacerolas y meg\u00e1fonos, en 4 ciudades retumb\u00f3 el rechazo al \u201cpaquetazo de leyes\u201d"},"content":{"rendered":"<p style=\"text-align: justify;\">El rechazo al \u201cpaquetazo\u201d de Leyes (PL 280, 304 y 305) que el Gobierno busca aprobar en la Asamblea Legislativa Plurinacional (ALP) y al traspaso de los aportes de los trabajadores a la Gestora P\u00fablica a partir de mayo reuni\u00f3 a m\u00e9dicos, gremiales, c\u00edvicos, transportistas, cocaleros y jubilados en grandes marchas en cuatro ciudades del pa\u00eds.<\/p>\n<p style=\"text-align: justify;\">Los organizadores se\u00f1alaron que estas movilizaciones son s\u00f3lo el inicio de la protesta y que las protestas se prolongar\u00e1n hasta que el Gobierno atienda sus demandas.<\/p>\n<p style=\"text-align: justify;\">Desde las 8:00, los 10 sectores que conforman la Alianza Intersectorial en Santa Cruz marcharon en contra de los proyectos de Ley y de la Gestora.<\/p>\n<p style=\"text-align: justify;\">El nutrido grupo, encabezado por el presidente del Comit\u00e9 C\u00edvico Pro Santa Cruz, Fernando Larach, recorri\u00f3 las calles de la capital cruce\u00f1a a pesar de la lluvia y las bajas temperaturas que se presentaron la ma\u00f1ana de este martes, hasta llegar a la Plaza 14 de septiembre. Algunos de los manifestantes llevaron sus cacerolas.<\/p>\n<p style=\"text-align: justify;\">\u201cEl Gobierno pretende hacer lo que le da la gana con este pa\u00eds y que nosotros no podamos hacer nada, que no podamos reclamarles. La ley 280 criminaliza esto que hemos hecho hoy, la marcha. Los otros dos (304 y 305) nos callan la boca, nos ponen una mordaza\u201d, expres\u00f3 Larach, seg\u00fan declaraciones recogidas por los medios locales.<\/p>\n<p style=\"text-align: justify;\">En Cochabamba, las protestas estuvieron encabezadas por el magisterio y un grupo de la Central Obrera Departamental (COD), acompa\u00f1ados tambi\u00e9n por los m\u00e9dicos. Los marchistas llevaron meg\u00e1fonos que ayudaron a arengar frases contra los proyectos.<\/p>\n<p style=\"text-align: justify;\">\u201cNuestros derechos constitucionales vamos a hacer respetar en las calles, pero queremos aclarar que no vamos a encubrir a ning\u00fan gremial ni ninguna otra persona que se haga millonaria de la noche a la ma\u00f1ana, nunca lo hicimos y no lo haremos\u201d, se\u00f1al\u00f3 el dirigente gremial C\u00e9sar Gonzales, quien agreg\u00f3 que las medidas de presi\u00f3n continuar\u00e1n hasta que se archiven definitivamente los proyectos de Ley cuestionados, report\u00f3 Los Tiempos.<\/p>\n<p style=\"text-align: justify;\">Los movilizados indicaron que est\u00e1n en contra del proyecto de ley 280 de \u201cFortalecimiento a la Lucha Contra la Legitimaci\u00f3n de Ganancias Il\u00edcitas\u201d, cuya definici\u00f3n de terrorismo, a decir de sectores y analistas, criminaliza el derecho a la protesta, adem\u00e1s pone bajo la lupa las ganancias de los gremiales y otros sectores.<\/p>\n<p style=\"text-align: justify;\">Adem\u00e1s, los movilizados rechazan el PL 304, ya que \u201ccriminaliza el uso indebido de las redes sociales\u201d. Tambi\u00e9n la 305, que criminaliza el trabajo period\u00edstico. En el caso del primer proyecto, este fue retirado en d\u00edas pasados, mientras que en el caso del segundo, el art\u00edculo conflictivo fue retirado, aunque los gremios period\u00edsticos y plataformas ciudadanas contin\u00faan en apronte por ellos.<\/p>\n<p style=\"text-align: justify;\">Los movilizados tambi\u00e9n piden la abrogaci\u00f3n de la Ley 065 \u201cLey de Pensiones\u201d y el traspaso de los aportes a la Gestora P\u00fablica, ya que temen que consideran que el Estado es un mal administrador y que el gobierno dilapidar\u00e1 los fondos de jubilaci\u00f3n, utilizando a la entidad como una \u201ccaja chica\u201d.<\/p>\n<p style=\"text-align: justify;\">En La Paz, al menos cinco sectores unieron sus protestas para hacer un frente \u00fanico, los gremiales, plataformas ciudadanas, cocaleros, m\u00e9dicos y trabajadores en salud y jubilados.<\/p>\n<p style=\"text-align: justify;\">En tanto, en Potos\u00ed, gremiales y otros sectores salieron a las calles a marchar contra el \u201cpaquetazo\u201d.<\/p>\n<p style=\"text-align: justify;\">La presidenta del Comit\u00e9 C\u00edvico Potosinista (Comcipo), Roxana Graz, tild\u00f3 de \u201clapidarias\u201d a las normativas del Gobierno. \u201cEstamos saliendo a las calles para decirle al Gobierno: no a esas leyes que son lapidarias, que van en contra de la libertad de expresi\u00f3n, pero tambi\u00e9n salimos en contra de la Gestora P\u00fablica y a favor del magisterio (urbano) por una calidad de educaci\u00f3n\u201d, reportaron medios potosinos.<\/p>\n","protected":false},"excerpt":{"rendered":"<p>El rechazo al \u201cpaquetazo\u201d de Leyes (PL 280, 304 y 305) que el Gobierno busca aprobar en la Asamblea Legislativa Plurinacional (ALP) y al traspaso de los aportes de los trabajadores a la Gestora P\u00fablica a partir de mayo reuni\u00f3 a m\u00e9dicos, gremiales, c\u00edvicos, transportistas, cocaleros y jubilados en grandes marchas en cuatro ciudades del [&hellip;]<\/p>\n","protected":false},"author":4,"featured_media":48293,"comment_status":"open","ping_status":"closed","sticky":false,"template":"","format":"standard","meta":{"footnotes":""},"categories":[49],"tags":[],"class_list":{"0":"post-48292","1":"post","2":"type-post","3":"status-publish","4":"format-standard","5":"has-post-thumbnail","7":"category-social"},"_links":{"self":[{"href":"https:\/\/jms.com.bo\/mediamonitor\/wp-json\/wp\/v2\/posts\/48292","targetHints":{"allow":["GET"]}}],"collection":[{"href":"https:\/\/jms.com.bo\/mediamonitor\/wp-json\/wp\/v2\/posts"}],"about":[{"href":"https:\/\/jms.com.bo\/mediamonitor\/wp-json\/wp\/v2\/types\/post"}],"author":[{"embeddable":true,"href":"https:\/\/jms.com.bo\/mediamonitor\/wp-json\/wp\/v2\/users\/4"}],"replies":[{"embeddable":true,"href":"https:\/\/jms.com.bo\/mediamonitor\/wp-json\/wp\/v2\/comments?post=48292"}],"version-history":[{"count":0,"href":"https:\/\/jms.com.bo\/mediamonitor\/wp-json\/wp\/v2\/posts\/48292\/revisions"}],"wp:featuredmedia":[{"embeddable":true,"href":"https:\/\/jms.com.bo\/mediamonitor\/wp-json\/wp\/v2\/media\/48293"}],"wp:attachment":[{"href":"https:\/\/jms.com.bo\/mediamonitor\/wp-json\/wp\/v2\/media?parent=48292"}],"wp:term":[{"taxonomy":"category","embeddable":true,"href":"https:\/\/jms.com.bo\/mediamonitor\/wp-json\/wp\/v2\/categories?post=48292"},{"taxonomy":"post_tag","embeddable":true,"href":"https:\/\/jms.com.bo\/mediamonitor\/wp-json\/wp\/v2\/tags?post=48292"}],"curies":[{"name":"wp","href":"https:\/\/api.w.org\/{rel}","templated":true}]}}