{"id":48294,"date":"2023-04-19T07:25:26","date_gmt":"2023-04-19T11:25:26","guid":{"rendered":"https:\/\/jms.com.bo\/mediamonitor\/2023\/04\/19\/bolivia-esta-entre-los-18-paises-que-revirtieron-la-privatizacion-del-sistema-de-pensiones\/"},"modified":"2023-04-19T07:25:26","modified_gmt":"2023-04-19T11:25:26","slug":"bolivia-esta-entre-los-18-paises-que-revirtieron-la-privatizacion-del-sistema-de-pensiones","status":"publish","type":"post","link":"https:\/\/jms.com.bo\/mediamonitor\/2023\/04\/19\/bolivia-esta-entre-los-18-paises-que-revirtieron-la-privatizacion-del-sistema-de-pensiones\/","title":{"rendered":"Bolivia est\u00e1 entre los 18 pa\u00edses que revirtieron la privatizaci\u00f3n del sistema de pensiones"},"content":{"rendered":"<p style=\"text-align: justify;\">Bolivia concretar\u00e1 en mayo la nacionalizaci\u00f3n del sistema de pensiones y dejar\u00e1n de operar las dos privadas Fondo de Administraci\u00f3n de Pensiones (AFP) Futuro y Previsi\u00f3n. La reversi\u00f3n de la privatizaci\u00f3n no es una experiencia solo boliviana, tambi\u00e9n se dio en otros 17 pa\u00edses de Europa y de Centro y Sud Am\u00e9rica.<\/p>\n<p style=\"text-align: justify;\">Fue una demanda de la Central Obrera Boliviana (COB), en 2006, la nacionalizaci\u00f3n de este sistema que recauda y administra aportes para la jubilaci\u00f3n de forma individual. La Constituci\u00f3n Pol\u00edtica del Estado de 2019 y la Ley de Pensiones de 2010 sentaron las bases para cumplir la demanda del ente que representa a la clase trabajadora y dar nacimiento a la Gestora P\u00fablica.<\/p>\n<p style=\"text-align: justify;\">Esta corriente empez\u00f3 en 2000 en Venezuela y se irradi\u00f3 a diferentes pa\u00edses, seg\u00fan datos de la Organizaci\u00f3n Internacional del Trabajo (OIT).<\/p>\n<p style=\"text-align: justify;\">En 2002 fue el turno de Ecuador; en 2005 de Nicaragua; en 2007 de Bulgaria, en 2008 de Argentina y Eslovaquia; en 2009 de Estonia, Letonia y Lituania; en 2010 de Bolivia y Hungr\u00eda; en 2011 de Croacia, Macedonia y Polonia; en 2012 de la Federaci\u00f3n Rusa; en 2013 de Kazajist\u00e1n; en 2016 de Rep\u00fablica Checa; y en 2017 de Rumania.<\/p>\n<p style=\"text-align: justify;\">Pese a una lucha f\u00e9rrea de la clase trabajadora, en 1997 empezaron a operar en Bolivia las AFP Previsi\u00f3n, filial de la espa\u00f1ola BBVA, y Futuro, con capitales mayoritarios de la suiza Zurich South America Invest A.B, y se les dividi\u00f3 a los aportantes en funci\u00f3n a la fecha par e impar de su nacimiento. No solo eso, tambi\u00e9n represent\u00f3 dejar el viejo sistema de reparto y la instauraci\u00f3n del sistema de capitalizaci\u00f3n individual para la jubilaci\u00f3n.<\/p>\n<p style=\"text-align: justify;\">Pasaron 26 a\u00f1os desde entonces, con un sistema de pensiones con elevados costos de administraci\u00f3n y bajos niveles de rentabilidad, seg\u00fan reportes del Banco Mundial y del Banco Interamericano de Desarrollo (BID).<\/p>\n<p style=\"text-align: justify;\">Entre 2000 y 2016, el promedio de rendimiento de las AFP de Am\u00e9rica Latina, entre ellas Previsi\u00f3n y Futuro, fue del 2,7%, que es menor al de la bolsa de New York, que fue del 6,9%. Las comisiones que cobran las AFP en Am\u00e9rica Latina son del 1,5% en promedio, m\u00e1s alto del promedio mundial que es del 0,5%.<\/p>\n<p style=\"text-align: justify;\">Sin embargo, seg\u00fan datos oficiales, las AFP se llevaron de Bolivia m\u00e1s de $us 224 millones en utilidades durante los a\u00f1os que administraron los aportes para la jubilaci\u00f3n.<\/p>\n<p style=\"text-align: justify;\">Los aportantes pagan cuatro comisiones por la administraci\u00f3n privada de sus aportes: el 0,5% del total ganado de cada asegurado; el 1,31% del total de pensi\u00f3n de cada jubilado; el 0,85% del fondo de riesgos; y el 0,2285% de los portafolios administrados.<\/p>\n<p style=\"text-align: justify;\">Esta situaci\u00f3n cambiar\u00e1 con la Gestora. Desde mayo, mes en que se celebra el D\u00eda del Trabajador, los aportantes dejar\u00e1n de pagar el 1,31% de aporte, lo que les representar\u00e1 un incremento en sus rentas mensuales.<\/p>\n<p style=\"text-align: justify;\">Adicionalmente, el gerente de la Gestora, Jaime Dur\u00e1n, inform\u00f3 en reiteradas oportunidades que en su gesti\u00f3n ya se alcanz\u00f3 Bs 25,7 millones en utilidades, sumadas de 2021 y 2022, con una administraci\u00f3n parcial del sistema de pensiones.<\/p>\n<p style=\"text-align: justify;\">Las AFP invirtieron m\u00e1s del 95% de los $us 23.900 millones que administran, por lo que la Gestora P\u00fablica se encargar\u00e1 del cobro, cuando \u201csea el tiempo\u201d, para volver a invertirlo buscando las mayores utilidades, inform\u00f3 Dur\u00e1n.<\/p>\n<p style=\"text-align: justify;\">A diferencia de otros pa\u00edses, en Bolivia la edad de jubilaci\u00f3n es a los 58 a\u00f1os, en el caso de hombres, y a los 55 en el caso de mujeres.<\/p>\n","protected":false},"excerpt":{"rendered":"<p>Bolivia concretar\u00e1 en mayo la nacionalizaci\u00f3n del sistema de pensiones y dejar\u00e1n de operar las dos privadas Fondo de Administraci\u00f3n de Pensiones (AFP) Futuro y Previsi\u00f3n. La reversi\u00f3n de la privatizaci\u00f3n no es una experiencia solo boliviana, tambi\u00e9n se dio en otros 17 pa\u00edses de Europa y de Centro y Sud Am\u00e9rica. Fue una demanda [&hellip;]<\/p>\n","protected":false},"author":4,"featured_media":48295,"comment_status":"open","ping_status":"closed","sticky":false,"template":"","format":"standard","meta":{"footnotes":""},"categories":[20],"tags":[],"class_list":{"0":"post-48294","1":"post","2":"type-post","3":"status-publish","4":"format-standard","5":"has-post-thumbnail","7":"category-actualidad"},"_links":{"self":[{"href":"https:\/\/jms.com.bo\/mediamonitor\/wp-json\/wp\/v2\/posts\/48294","targetHints":{"allow":["GET"]}}],"collection":[{"href":"https:\/\/jms.com.bo\/mediamonitor\/wp-json\/wp\/v2\/posts"}],"about":[{"href":"https:\/\/jms.com.bo\/mediamonitor\/wp-json\/wp\/v2\/types\/post"}],"author":[{"embeddable":true,"href":"https:\/\/jms.com.bo\/mediamonitor\/wp-json\/wp\/v2\/users\/4"}],"replies":[{"embeddable":true,"href":"https:\/\/jms.com.bo\/mediamonitor\/wp-json\/wp\/v2\/comments?post=48294"}],"version-history":[{"count":0,"href":"https:\/\/jms.com.bo\/mediamonitor\/wp-json\/wp\/v2\/posts\/48294\/revisions"}],"wp:featuredmedia":[{"embeddable":true,"href":"https:\/\/jms.com.bo\/mediamonitor\/wp-json\/wp\/v2\/media\/48295"}],"wp:attachment":[{"href":"https:\/\/jms.com.bo\/mediamonitor\/wp-json\/wp\/v2\/media?parent=48294"}],"wp:term":[{"taxonomy":"category","embeddable":true,"href":"https:\/\/jms.com.bo\/mediamonitor\/wp-json\/wp\/v2\/categories?post=48294"},{"taxonomy":"post_tag","embeddable":true,"href":"https:\/\/jms.com.bo\/mediamonitor\/wp-json\/wp\/v2\/tags?post=48294"}],"curies":[{"name":"wp","href":"https:\/\/api.w.org\/{rel}","templated":true}]}}