{"id":48298,"date":"2023-04-19T07:29:11","date_gmt":"2023-04-19T11:29:11","guid":{"rendered":"https:\/\/jms.com.bo\/mediamonitor\/2023\/04\/19\/ministra-prada-niega-existencia-de-creditos-con-estados-unidos-y-la-reposicion-de-embajadores-de-ese-pais\/"},"modified":"2023-04-19T07:29:11","modified_gmt":"2023-04-19T11:29:11","slug":"ministra-prada-niega-existencia-de-creditos-con-estados-unidos-y-la-reposicion-de-embajadores-de-ese-pais","status":"publish","type":"post","link":"https:\/\/jms.com.bo\/mediamonitor\/2023\/04\/19\/ministra-prada-niega-existencia-de-creditos-con-estados-unidos-y-la-reposicion-de-embajadores-de-ese-pais\/","title":{"rendered":"Ministra Prada niega existencia de cr\u00e9ditos con Estados Unidos y la reposici\u00f3n de embajadores de ese pa\u00eds"},"content":{"rendered":"<p style=\"text-align: justify;\">La ministra de la Presidencia, Mar\u00eda Nela Prada, neg\u00f3 este martes la existencia de cr\u00e9ditos otorgados por Estados Unidos para Bolivia y alg\u00fan acuerdo al que se hubiese arribado para la reposici\u00f3n de embajadores con ese pa\u00eds, que no cuentan con diplom\u00e1ticos de ese rango desde el a\u00f1o 2008.<\/p>\n<p style=\"text-align: justify;\">En contacto con ABI, habiendo retomado sus funciones luego de estar internada por problemas de salud, fue consultada sobre las recientes publicaciones del expresidente Evo Morales.<\/p>\n<p style=\"text-align: justify;\">Sobre ese tema, precis\u00f3 que \u201cno hay tal cosa de pr\u00e9stamos con Estados Unidos, habr\u00eda que precisar a qu\u00e9 organismos internacionales del imperio se refiere el expresidente Evo\u201d, pues si se hace referencia a organismos como el Banco Interamericano de Desarrollo (BID) y el Banco Mundial (BM), que tienen oficinas en Estados Unidos, la relaci\u00f3n con dichas instituciones data desde hace muchos a\u00f1os, pero que, desde el a\u00f1o 2006 hasta la actualidad, \u201cson relaciones que se enmarcan en el respeto a nuestra soberan\u00eda, y jam\u00e1s son de sometimiento, ese es un principio claro de nuestro Modelo Econ\u00f3mico Social Comunitario Productivo. As\u00ed fue concebido, y as\u00ed se mantiene\u201d.<\/p>\n<p style=\"text-align: justify;\">\u00abAdem\u00e1s, es importante se\u00f1alar que nuestro presidente Lucho (Luis Arce) ha instruido un trabajo al Ministerio de Planificaci\u00f3n del Desarrollo, de diversificaci\u00f3n de fuentes de financiamiento, algo muy necesario que hoy se est\u00e1 haciendo, y en ese marco el ministro (Sergio) Cusicanqui ha sostenido recientemente reuniones en el exterior con el Eximbank, Banco de India, Fondo Saud\u00ed para el Desarrollo, Banco Asi\u00e1tico de Inversi\u00f3n en Infraestructura, y otros\u00bb, remarc\u00f3 Prada.<\/p>\n<p style=\"text-align: justify;\">Record\u00f3 tambi\u00e9n que del a\u00f1o 2006 al 2019 el gobierno boliviano contrat\u00f3 cr\u00e9ditos del Banco Mundial y del BID por cerca de $us 6.000 millones, y que el Gobierno nacional \u201cjam\u00e1s\u201d acudi\u00f3 al Fondo Monetario Internacional (FMI), ni en ese entonces ni ahora.<\/p>\n<p style=\"text-align: justify;\">Por otro lado, Prada aclar\u00f3 que en la reuni\u00f3n que sostuvo el canciller Rogelio Mayta con el subsecretario Adjunto de Estados Unidos, Mark Wells, solicitada por el norteamericano, no se acord\u00f3 reponer embajadores.<\/p>\n<p style=\"text-align: justify;\">Asegur\u00f3 que se dej\u00f3 claramente establecida la pol\u00edtica de \u201cdignidad y soberan\u00eda\u201d del Estado Plurinacional de Bolivia sobre los recursos naturales como el litio, en el marco de lo que establece la Constituci\u00f3n Pol\u00edtica del Estado. Asimismo, dijo que se habl\u00f3 de lo que est\u00e1 expresado en el convenio marco de relaciones bilaterales de mutuo respeto y colaboraci\u00f3n, suscrito con Estados Unidos durante la gesti\u00f3n del expresidente Morales, en 2011.<\/p>\n<p style=\"text-align: justify;\">Agreg\u00f3 que es sobre la base de los principios de ese documento que se enmarcan las relaciones de Bolivia con Estados Unidos, tales como el respeto a la igualdad soberana y a la integridad territorial de los Estados, el deber de abstenerse de intervenir en asuntos internos de otro Estado, y el derecho de cada Estado a elegir, sin injerencias externas, su sistema pol\u00edtico, econ\u00f3mico y social, entre otros.<\/p>\n<p style=\"text-align: justify;\">\u00abSomos de la cultura de la vida, del di\u00e1logo y la paz, pero jam\u00e1s negociaremos nuestros principios, y mucho menos nos someteremos a otro pa\u00eds u organismo internacional. El pueblo sabe cu\u00e1les son los principios ideol\u00f3gicos que gu\u00edan el accionar de nuestro presidente Lucho, lo ha demostrado durante toda su vida, y lamento mucho que hoy se busque confundir a la militancia con declaraciones que distorsionan la realidad, como estas \u00faltimas, pero el pueblo es sabio y se da cuenta lo que est\u00e1 pasando, por eso no es casual que donde vamos crecen las voces que dicen que dejen gobernar a nuestro presidente\u00bb, asever\u00f3.<\/p>\n","protected":false},"excerpt":{"rendered":"<p>La ministra de la Presidencia, Mar\u00eda Nela Prada, neg\u00f3 este martes la existencia de cr\u00e9ditos otorgados por Estados Unidos para Bolivia y alg\u00fan acuerdo al que se hubiese arribado para la reposici\u00f3n de embajadores con ese pa\u00eds, que no cuentan con diplom\u00e1ticos de ese rango desde el a\u00f1o 2008. En contacto con ABI, habiendo retomado [&hellip;]<\/p>\n","protected":false},"author":4,"featured_media":48299,"comment_status":"open","ping_status":"closed","sticky":false,"template":"","format":"standard","meta":{"footnotes":""},"categories":[20,47,48],"tags":[],"class_list":{"0":"post-48298","1":"post","2":"type-post","3":"status-publish","4":"format-standard","5":"has-post-thumbnail","7":"category-actualidad","8":"category-portada-actualidad","9":"category-portada-general-sitio"},"_links":{"self":[{"href":"https:\/\/jms.com.bo\/mediamonitor\/wp-json\/wp\/v2\/posts\/48298","targetHints":{"allow":["GET"]}}],"collection":[{"href":"https:\/\/jms.com.bo\/mediamonitor\/wp-json\/wp\/v2\/posts"}],"about":[{"href":"https:\/\/jms.com.bo\/mediamonitor\/wp-json\/wp\/v2\/types\/post"}],"author":[{"embeddable":true,"href":"https:\/\/jms.com.bo\/mediamonitor\/wp-json\/wp\/v2\/users\/4"}],"replies":[{"embeddable":true,"href":"https:\/\/jms.com.bo\/mediamonitor\/wp-json\/wp\/v2\/comments?post=48298"}],"version-history":[{"count":0,"href":"https:\/\/jms.com.bo\/mediamonitor\/wp-json\/wp\/v2\/posts\/48298\/revisions"}],"wp:featuredmedia":[{"embeddable":true,"href":"https:\/\/jms.com.bo\/mediamonitor\/wp-json\/wp\/v2\/media\/48299"}],"wp:attachment":[{"href":"https:\/\/jms.com.bo\/mediamonitor\/wp-json\/wp\/v2\/media?parent=48298"}],"wp:term":[{"taxonomy":"category","embeddable":true,"href":"https:\/\/jms.com.bo\/mediamonitor\/wp-json\/wp\/v2\/categories?post=48298"},{"taxonomy":"post_tag","embeddable":true,"href":"https:\/\/jms.com.bo\/mediamonitor\/wp-json\/wp\/v2\/tags?post=48298"}],"curies":[{"name":"wp","href":"https:\/\/api.w.org\/{rel}","templated":true}]}}