{"id":48300,"date":"2023-04-19T07:30:52","date_gmt":"2023-04-19T11:30:52","guid":{"rendered":"https:\/\/jms.com.bo\/mediamonitor\/2023\/04\/19\/fotos-del-ps-1-y-el-factor-eeuu-activan-otra-batalla-en-el-mas\/"},"modified":"2023-04-19T07:30:52","modified_gmt":"2023-04-19T11:30:52","slug":"fotos-del-ps-1-y-el-factor-eeuu-activan-otra-batalla-en-el-mas","status":"publish","type":"post","link":"https:\/\/jms.com.bo\/mediamonitor\/2023\/04\/19\/fotos-del-ps-1-y-el-factor-eeuu-activan-otra-batalla-en-el-mas\/","title":{"rendered":"Fotos del PS-1 y el factor EEUU activan otra batalla en el MAS"},"content":{"rendered":"<p style=\"text-align: justify;\">Las pugnas al interior del MAS se libran en varios escenarios, incluso en uno preelectoral que fue anunciado por el propio jefe del partido, Evo Morales. El lunes divulg\u00f3 fotos en las que se ve al presidente Luis Arce y el vicepresidente, David Choquehuanca, con los colores del Partido Socialista 1 (PS-1) que fund\u00f3 Marcelo Quiroga Santa Cruz, el desaparecido l\u00edder de la izquierda boliviana.<\/p>\n<p style=\"text-align: justify;\">Ante ello, los de la facci\u00f3n llamada \u201crenovadora\u201d del MAS reaccionaron en el escenario digital con fotos trucadas de Evo Morales, en las que se lo ve con una bandera del PS-1. Esto desat\u00f3 cr\u00edticas a fuego cruzado, pero esta vez con miras a las elecciones primarias que se deben realizar en 2024, indispensables, seg\u00fan la Ley de Organizaciones Pol\u00edticas, para participar de los pr\u00f3ximos comicios nacionales de 2025.<\/p>\n<p style=\"text-align: justify;\">Adem\u00e1s, Morales reaccion\u00f3 ayer frente al acercamiento que hubo entre el gobierno de Luis Arce y la administraci\u00f3n de Joe Biden, de Estados Unidos (EEUU) \u201cCualquier intento de relaciones diplom\u00e1ticas de alto nivel debe ser con respeto mutuo y siempre y cuando EEUU extradite a S\u00e1nchez de Lozada, S\u00e1nchez Berza\u00edn y Murillo\u201d, puntualizo Morales.<\/p>\n<p style=\"text-align: justify;\">Mientras tanto, el presidente aprovech\u00f3 un acto para cuestionar a la llamada bancada \u2018evista\u2019 que ha frenado varios proyectos de ley en la Asamblea. \u201cNo me est\u00e1n haciendo un favor, no es para m\u00ed\u201d, reclam\u00f3 el mandatario.<\/p>\n<p style=\"text-align: justify;\">\u201cLos otros colores, los que no son del MAS, se llama deslealtad, traici\u00f3n a las organizaciones sociales y transfugio pol\u00edtico. Tarde o temprano deber\u00e1n explicar a nuestra militancia y al pueblo boliviano\u201d, declar\u00f3 el diputado H\u00e9ctor Arce (MAS), uno de los legisladores m\u00e1s cercanos a Evo.<\/p>\n<p style=\"text-align: justify;\">El diputado oficialista Daniel Rojas, tambi\u00e9n de la facci\u00f3n evista, abri\u00f3 ayer la posibilidad de vetar a Arce y Choquehuanca del proceso electoral previo a los comicios de 2025. \u201cSe necesitan para estar dentro de las primarias y uno de ellos es tener 10 a\u00f1os de antig\u00fcedad, tal vez ellos no cumplen y por eso han buscado a los del PS-1\u201d, declar\u00f3 el legislador.<\/p>\n<p style=\"text-align: justify;\">\u201cEstaban permitidas en el MAS las alianzas con sectores, colectivos y partidos, que ahora se estigmatizan y etiquetan de transfugio y traici\u00f3n. Les recuerdo que el 2005, el MAS-IPSP a la cabeza de Evo Morales y Santos Ram\u00edrez, defendieron la importancia de generar alianzas con partidos peque\u00f1os\u201d, afirm\u00f3 ayer Freddy Bobaryn, del ala renovadora.<\/p>\n<p style=\"text-align: justify;\">\n","protected":false},"excerpt":{"rendered":"<p>Las pugnas al interior del MAS se libran en varios escenarios, incluso en uno preelectoral que fue anunciado por el propio jefe del partido, Evo Morales. El lunes divulg\u00f3 fotos en las que se ve al presidente Luis Arce y el vicepresidente, David Choquehuanca, con los colores del Partido Socialista 1 (PS-1) que fund\u00f3 Marcelo [&hellip;]<\/p>\n","protected":false},"author":4,"featured_media":48301,"comment_status":"open","ping_status":"closed","sticky":false,"template":"","format":"standard","meta":{"footnotes":""},"categories":[18],"tags":[],"class_list":{"0":"post-48300","1":"post","2":"type-post","3":"status-publish","4":"format-standard","5":"has-post-thumbnail","7":"category-politica"},"_links":{"self":[{"href":"https:\/\/jms.com.bo\/mediamonitor\/wp-json\/wp\/v2\/posts\/48300","targetHints":{"allow":["GET"]}}],"collection":[{"href":"https:\/\/jms.com.bo\/mediamonitor\/wp-json\/wp\/v2\/posts"}],"about":[{"href":"https:\/\/jms.com.bo\/mediamonitor\/wp-json\/wp\/v2\/types\/post"}],"author":[{"embeddable":true,"href":"https:\/\/jms.com.bo\/mediamonitor\/wp-json\/wp\/v2\/users\/4"}],"replies":[{"embeddable":true,"href":"https:\/\/jms.com.bo\/mediamonitor\/wp-json\/wp\/v2\/comments?post=48300"}],"version-history":[{"count":0,"href":"https:\/\/jms.com.bo\/mediamonitor\/wp-json\/wp\/v2\/posts\/48300\/revisions"}],"wp:featuredmedia":[{"embeddable":true,"href":"https:\/\/jms.com.bo\/mediamonitor\/wp-json\/wp\/v2\/media\/48301"}],"wp:attachment":[{"href":"https:\/\/jms.com.bo\/mediamonitor\/wp-json\/wp\/v2\/media?parent=48300"}],"wp:term":[{"taxonomy":"category","embeddable":true,"href":"https:\/\/jms.com.bo\/mediamonitor\/wp-json\/wp\/v2\/categories?post=48300"},{"taxonomy":"post_tag","embeddable":true,"href":"https:\/\/jms.com.bo\/mediamonitor\/wp-json\/wp\/v2\/tags?post=48300"}],"curies":[{"name":"wp","href":"https:\/\/api.w.org\/{rel}","templated":true}]}}