{"id":48302,"date":"2023-04-19T07:32:30","date_gmt":"2023-04-19T11:32:30","guid":{"rendered":"https:\/\/jms.com.bo\/mediamonitor\/2023\/04\/19\/lanzan-otra-arremetida-judicial-contra-jeanine-anez-y-dos-de-sus-exministros\/"},"modified":"2023-04-19T07:32:30","modified_gmt":"2023-04-19T11:32:30","slug":"lanzan-otra-arremetida-judicial-contra-jeanine-anez-y-dos-de-sus-exministros","status":"publish","type":"post","link":"https:\/\/jms.com.bo\/mediamonitor\/2023\/04\/19\/lanzan-otra-arremetida-judicial-contra-jeanine-anez-y-dos-de-sus-exministros\/","title":{"rendered":"Lanzan otra arremetida judicial contra Jeanine A\u00f1ez y dos de sus exministros"},"content":{"rendered":"<p style=\"text-align: justify;\">La Fiscal\u00eda y el Gobierno lanzan una nueva arremetida judicial por la v\u00eda ordinaria contra la expresidenta Jeanine A\u00f1ez y su entorno. El Ministerio P\u00fablico present\u00f3 dos nuevos procesos contra la exmandataria, uno por Senkata y otro por Sacaba. En cada caso, la exautoridad es acusada por genocidio, homicidio y lesiones graves y leves, seg\u00fan su defensa.<\/p>\n<p style=\"text-align: justify;\">Esta arremetida tambi\u00e9n se registra con el entorno de A\u00f1ez. Los exministros Yerko N\u00fa\u00f1ez y \u00d3scar Ortiz, junto al exviceministro de Presupuesto \u00d3scar Navarro, son investigados y procesados penalmente por conducta antiecon\u00f3mica y resoluciones contrarias a la ley.<\/p>\n<p style=\"text-align: justify;\">A estas exautoridades enjuiciadas se suma la exministra de Salud Eydi Roca, quien est\u00e1 acusada por tres delitos en el caso de respiradores chinos. Est\u00e1 con detenci\u00f3n domiciliaria y enfrenta un delicado estado de salud que la tiene postrada en una cama con una sonda por la cual se alimenta. La exautoridad no puede recibir un tratamiento urgente en el exterior porque la justicia rechaz\u00f3 su pedido.<\/p>\n<p style=\"text-align: justify;\">M\u00e1s juicios ordinarios a A\u00f1ez<\/p>\n<p style=\"text-align: justify;\">En las \u00faltimas horas, el Ministerio P\u00fablico activ\u00f3 dos nuevos procesos por la v\u00eda ordinaria contra A\u00f1ez. Ambos son por los mismos delitos: genocidio, homicidio y lesiones graves y leves. Uno fue presentado por la Fiscal\u00eda Departamental de Cochabamba y es por el caso denominado \u201cmasacre de Sacaba\u201d. El segundo fue puesto por la Fiscal\u00eda de La Paz y es por la \u201cmasacre de Senkata\u201d. Ambos hechos datan de 2019.<\/p>\n<p style=\"text-align: justify;\">\u201cLos suscritos fiscales (&#8230;) imputan formalmente a: Jeanine \u00c1\u00f1ez Ch\u00e1vez por la comisi\u00f3n del delito de asesinato con relaci\u00f3n a las 10 personas fallecidas, (&#8230;) y asesinato en grado de tentativa con relaci\u00f3n a los 90 heridos, as\u00ed como el delito de genocidio previsto en el art\u00edculo 138 del C\u00f3digo Penal, calificaci\u00f3n provisional en calidad de autor de los hechos\u201d, se lee en la imputaci\u00f3n formal presentada el 17 de abril en Cochabamba.<\/p>\n<p style=\"text-align: justify;\">En el caso de La Paz, la Fiscal\u00eda lanza la misma acusaci\u00f3n por la muerte de 10 personas y 31 heridos. \u201cSolicitamos disponga la detenci\u00f3n preventiva de la imputada Jeanine A\u00f1ez Ch\u00e1vez sea por el lapso de 6 meses en el recinto penitenciario femenino de Miraflores\u201d, se lee en el petitorio de la imputaci\u00f3n.<\/p>\n<p style=\"text-align: justify;\">Los fiscales de Cochabamba piden exactamente lo mismo por el caso Sacaba.<\/p>\n<p style=\"text-align: justify;\">Despu\u00e9s de la aprehensi\u00f3n del exviceministro Navarro, ayer el director de la Fuerza Especial de Lucha Contra el Crimen (Felcc), Rolando Rojas, confirm\u00f3 que en este proceso tambi\u00e9n son investigados los exministros Ortiz y N\u00fa\u00f1ez.<\/p>\n<p style=\"text-align: justify;\">\u201cSe tiene tambi\u00e9n en este proceso una investigaci\u00f3n contra Yerko N\u00fa\u00f1ez y \u00d3scar Ortiz, (el \u00faltimo) fung\u00eda como ministro de Econom\u00eda\u201d, dijo Rojas de forma escueta.<\/p>\n<p style=\"text-align: justify;\">El jefe policial a\u00f1adi\u00f3 que este proceso fue presentado por la Contralor\u00eda General del Estado, entidad que aduce que \u201cen 2020 se habr\u00eda firmado una resoluci\u00f3n biministerial por parte de esta persona (\u00d3scar Navarro) en sentido de la aprobaci\u00f3n de la estructura de cargos y escala salarial del Ministerio de la Presidencia\u201d.<\/p>\n<p style=\"text-align: justify;\">P\u00e1gina Siete consult\u00f3 a \u00d3scar Ortiz, exministro de Econom\u00eda, sobre este caso y \u00e9l dijo que desconoce ese proceso en su contra.<\/p>\n<p style=\"text-align: justify;\">\u201cEn mi caso nunca he sido notificado con ninguna actuaci\u00f3n de este proceso ni con ning\u00fan informe de auditor\u00eda, por lo que no tengo conocimiento oficial del mismo. Cuando me notifiquen presentar\u00e9 mis descargos como siempre he hecho\u201d, se\u00f1al\u00f3 la exautoridad a este medio.<\/p>\n<p style=\"text-align: justify;\">En el caso de Navarro, quien tambi\u00e9n es asesor de la Alcald\u00eda de La Paz, ayer pas\u00f3 su segunda noche en celdas de la Felcc como aprehendido. Rojas indic\u00f3 que fue citado \u201cen calidad de testigo\u201d, pero tras su declaraci\u00f3n la Fiscal\u00eda \u201corden\u00f3 su aprehensi\u00f3n\u201d. \u201cSeguramente fue porque determinaron suficientes elementos de convicci\u00f3n\u201d.<\/p>\n<p style=\"text-align: justify;\">\u201cLos fiscales imputan formalmente a Jeanine A\u00f1ez por la comisi\u00f3n del delito de asesinato con relaci\u00f3n a 10 personas fallecidas\u201d.<br \/>\nImputaci\u00f3n por Sacaba<\/p>\n<p style=\"text-align: justify;\">Lluvia de juicios contra exautoridades<\/p>\n<p style=\"text-align: justify;\">Desconoce\u2022 La defensa de la expresidenta Jeanine A\u00f1ez informa que no fue notificada formalmente con las nuevas imputaciones por los casos de Sacaba y Senkata.<\/p>\n<p style=\"text-align: justify;\">Competencia \u2022 D\u00edas atr\u00e1s, la expresidenta Jeanine A\u00f1ez desconoci\u00f3 a la comisi\u00f3n de fiscales que exigi\u00f3 su declaraci\u00f3n por estos casos. La exjefa de Estado dijo que esos fiscales no son competentes para procesarla y que la \u00fanica v\u00eda es por caso de corte.<\/p>\n<p style=\"text-align: justify;\">Exautoridades \u2022 El exministro \u00d3scar Ortiz dijo que desconoce el proceso en su contra porque no fue notificado con ninguna actuaci\u00f3n. Se desconoce la postura del exministro Yerko N\u00fa\u00f1ez. \u00c9l est\u00e1 en la clandestinidad.<\/p>\n<p style=\"text-align: justify;\">Defensa rechaza nuevos procesos<\/p>\n<p style=\"text-align: justify;\">El abogado Alain de Canedo -que es parte de la defensa de la expresidenta A\u00f1ez- record\u00f3 que en junio de 2021, el fiscal general del Estado Juan Lanchipa present\u00f3 a la Asamblea Legislativa Plurinacional una proposici\u00f3n acusatoria para un juicio de responsabilidades por los hechos de Senkata y Sacaba de 2019.<\/p>\n<p style=\"text-align: justify;\">En ese contexto, De Canedo dijo a este medio que con las nuevas acusaciones que present\u00f3 la Fiscal\u00eda por los mismos hechos, \u201cse est\u00e1 incurriendo en una prohibici\u00f3n que tiene nuestro ordenamiento jur\u00eddico que es que nadie puede ser juzgado dos veces por el mismo hecho\u201d.<\/p>\n<p style=\"text-align: justify;\">El jurista record\u00f3 tambi\u00e9n que \u201clos juicios ordinarios no proceden contra una exmandataria de Estado, conforme al art\u00edculo 184 de la Constituci\u00f3n Pol\u00edtica del Estado y la Ley 044 de juzgamiento de presidentes y vicepresidentes de Estado\u201d, por lo que estos procesos no son v\u00e1lidos.<\/p>\n","protected":false},"excerpt":{"rendered":"<p>La Fiscal\u00eda y el Gobierno lanzan una nueva arremetida judicial por la v\u00eda ordinaria contra la expresidenta Jeanine A\u00f1ez y su entorno. El Ministerio P\u00fablico present\u00f3 dos nuevos procesos contra la exmandataria, uno por Senkata y otro por Sacaba. En cada caso, la exautoridad es acusada por genocidio, homicidio y lesiones graves y leves, seg\u00fan [&hellip;]<\/p>\n","protected":false},"author":4,"featured_media":48303,"comment_status":"open","ping_status":"closed","sticky":false,"template":"","format":"standard","meta":{"footnotes":""},"categories":[18],"tags":[],"class_list":{"0":"post-48302","1":"post","2":"type-post","3":"status-publish","4":"format-standard","5":"has-post-thumbnail","7":"category-politica"},"_links":{"self":[{"href":"https:\/\/jms.com.bo\/mediamonitor\/wp-json\/wp\/v2\/posts\/48302","targetHints":{"allow":["GET"]}}],"collection":[{"href":"https:\/\/jms.com.bo\/mediamonitor\/wp-json\/wp\/v2\/posts"}],"about":[{"href":"https:\/\/jms.com.bo\/mediamonitor\/wp-json\/wp\/v2\/types\/post"}],"author":[{"embeddable":true,"href":"https:\/\/jms.com.bo\/mediamonitor\/wp-json\/wp\/v2\/users\/4"}],"replies":[{"embeddable":true,"href":"https:\/\/jms.com.bo\/mediamonitor\/wp-json\/wp\/v2\/comments?post=48302"}],"version-history":[{"count":0,"href":"https:\/\/jms.com.bo\/mediamonitor\/wp-json\/wp\/v2\/posts\/48302\/revisions"}],"wp:featuredmedia":[{"embeddable":true,"href":"https:\/\/jms.com.bo\/mediamonitor\/wp-json\/wp\/v2\/media\/48303"}],"wp:attachment":[{"href":"https:\/\/jms.com.bo\/mediamonitor\/wp-json\/wp\/v2\/media?parent=48302"}],"wp:term":[{"taxonomy":"category","embeddable":true,"href":"https:\/\/jms.com.bo\/mediamonitor\/wp-json\/wp\/v2\/categories?post=48302"},{"taxonomy":"post_tag","embeddable":true,"href":"https:\/\/jms.com.bo\/mediamonitor\/wp-json\/wp\/v2\/tags?post=48302"}],"curies":[{"name":"wp","href":"https:\/\/api.w.org\/{rel}","templated":true}]}}