{"id":48323,"date":"2023-04-19T08:13:43","date_gmt":"2023-04-19T12:13:43","guid":{"rendered":"https:\/\/jms.com.bo\/mediamonitor\/2023\/04\/19\/arce-convoca-a-reactivar-la-unasur-y-plantea-moneda-comun-como-alternativa-al-dolar\/"},"modified":"2023-04-19T08:15:26","modified_gmt":"2023-04-19T12:15:26","slug":"arce-convoca-a-reactivar-la-unasur-y-plantea-moneda-comun-como-alternativa-al-dolar","status":"publish","type":"post","link":"https:\/\/jms.com.bo\/mediamonitor\/2023\/04\/19\/arce-convoca-a-reactivar-la-unasur-y-plantea-moneda-comun-como-alternativa-al-dolar\/","title":{"rendered":"Arce convoca a reactivar la Unasur y plantea moneda com\u00fan como alternativa al d\u00f3lar"},"content":{"rendered":"<p style=\"text-align: justify;\">Al conmemorar el D\u00eda de la Uni\u00f3n de Naciones Suramericanas (Unasur), el presidente Luis Arce convoc\u00f3 a los pa\u00edses y gobiernos de la regi\u00f3n a reactivar el bloque para generar respuestas concretas a las necesidades de los pueblos y plante\u00f3 el uso de una moneda com\u00fan para \u201cagilizar el comercio exterior\u201d.<\/p>\n<p style=\"text-align: justify;\">\u201cSaludamos a la Uni\u00f3n de Naciones Suramericanas @unasur, que nos re\u00fane en una sola visi\u00f3n para avanzar en temas econ\u00f3micos, sociales, culturales y pol\u00edticos, pero tambi\u00e9n en una verdadera expresi\u00f3n de esperanza para lograr la unidad del Sur\u201d, escribi\u00f3 el jefe de Estado en su cuenta de Twitter.<\/p>\n<p style=\"text-align: justify;\">La publicaci\u00f3n de Arce fue acompa\u00f1ada por un breve mensaje, en el que destaca a la Unasur como un medio y espacio para avanzar en temas econ\u00f3micos, sociales, culturales y pol\u00edticos por el bienestar de los pueblos, en el deseo de alcanzar la justicia social, fortaleciendo la democracia, la inclusi\u00f3n, la complementariedad, la soberan\u00eda e independencia de los estados.<\/p>\n<p style=\"text-align: justify;\">\u201cPara el Estado Plurinacional de Bolivia la reactivaci\u00f3n de Unasur permitir\u00e1 retornar al camino de la hermandad, de la solidaridad, reciprocidad y de la relaci\u00f3n justa y equitativa, con reconocimiento de nuestra diversidad, a fin de promover la integraci\u00f3n de los pueblos del Sur desde nuestras identidades y con nuestras propias voces\u201d, asever\u00f3.<\/p>\n<p style=\"text-align: justify;\">Moneda com\u00fan<\/p>\n<p style=\"text-align: justify;\">Afirm\u00f3 que ante las m\u00faltiples crisis que enfrenta del sistema capitalista, la Unasur ofrece un espacio ideal para alcanzar una integraci\u00f3n econ\u00f3mica y monetaria, una integraci\u00f3n comercial eliminando aquellas barreras que traban la integraci\u00f3n de Am\u00e9rica Latina y el Caribe.<\/p>\n<p style=\"text-align: justify;\">\u201cPor ello, el uso de una moneda com\u00fan como alternativa al d\u00f3lar norteamericano, para agilizar el comercio exterior entre pa\u00edses de la regi\u00f3n, contin\u00faa siendo una propuesta de respuesta real y posible ante las crisis que atravesamos\u201d, ponder\u00f3 Arce.<\/p>\n<p style=\"text-align: justify;\">Saluda a Argentina y Brasil<\/p>\n<p style=\"text-align: justify;\">En honor a la fecha pidi\u00f3 reflexionar sobre el legado y futuro de la Unasur y aprovech\u00f3 para felicitar la sabia decisi\u00f3n de Argentina y Brasil de retornar y reactivar el bloque; pidi\u00f3 a los dem\u00e1s pueblos acompa\u00f1ar esa decisi\u00f3n.<\/p>\n<p style=\"text-align: justify;\">La Unasur fue creada en 2008 como impulso a la integraci\u00f3n regional en materia de energ\u00eda, educaci\u00f3n, salud, ambiente, infraestructura, seguridad y democracia. Sus esfuerzos est\u00e1n encaminados a profundizar la uni\u00f3n entre las naciones suramericanas, bajo el reconocimiento de sus objetivos regionales, fortalezas sociales y recursos energ\u00e9ticos.<\/p>\n<p style=\"text-align: justify;\">En 2014, los jefes de Estado y de Gobierno del organismo aprobaron la fecha del 17 de abril como el \u00abD\u00eda de la Unasur\u00bb, tomando como referencia la primera Cumbre Energ\u00e9tica Suramericana, que se celebr\u00f3 en 2007 en la isla de Margarita, en Venezuela.<\/p>\n","protected":false},"excerpt":{"rendered":"<p>Al conmemorar el D\u00eda de la Uni\u00f3n de Naciones Suramericanas (Unasur), el presidente Luis Arce convoc\u00f3 a los pa\u00edses y gobiernos de la regi\u00f3n a reactivar el bloque para generar respuestas concretas a las necesidades de los pueblos y plante\u00f3 el uso de una moneda com\u00fan para \u201cagilizar el comercio exterior\u201d. \u201cSaludamos a la Uni\u00f3n [&hellip;]<\/p>\n","protected":false},"author":4,"featured_media":48324,"comment_status":"open","ping_status":"closed","sticky":false,"template":"","format":"standard","meta":{"footnotes":""},"categories":[25],"tags":[],"class_list":{"0":"post-48323","1":"post","2":"type-post","3":"status-publish","4":"format-standard","5":"has-post-thumbnail","7":"category-economia"},"_links":{"self":[{"href":"https:\/\/jms.com.bo\/mediamonitor\/wp-json\/wp\/v2\/posts\/48323","targetHints":{"allow":["GET"]}}],"collection":[{"href":"https:\/\/jms.com.bo\/mediamonitor\/wp-json\/wp\/v2\/posts"}],"about":[{"href":"https:\/\/jms.com.bo\/mediamonitor\/wp-json\/wp\/v2\/types\/post"}],"author":[{"embeddable":true,"href":"https:\/\/jms.com.bo\/mediamonitor\/wp-json\/wp\/v2\/users\/4"}],"replies":[{"embeddable":true,"href":"https:\/\/jms.com.bo\/mediamonitor\/wp-json\/wp\/v2\/comments?post=48323"}],"version-history":[{"count":1,"href":"https:\/\/jms.com.bo\/mediamonitor\/wp-json\/wp\/v2\/posts\/48323\/revisions"}],"predecessor-version":[{"id":48333,"href":"https:\/\/jms.com.bo\/mediamonitor\/wp-json\/wp\/v2\/posts\/48323\/revisions\/48333"}],"wp:featuredmedia":[{"embeddable":true,"href":"https:\/\/jms.com.bo\/mediamonitor\/wp-json\/wp\/v2\/media\/48324"}],"wp:attachment":[{"href":"https:\/\/jms.com.bo\/mediamonitor\/wp-json\/wp\/v2\/media?parent=48323"}],"wp:term":[{"taxonomy":"category","embeddable":true,"href":"https:\/\/jms.com.bo\/mediamonitor\/wp-json\/wp\/v2\/categories?post=48323"},{"taxonomy":"post_tag","embeddable":true,"href":"https:\/\/jms.com.bo\/mediamonitor\/wp-json\/wp\/v2\/tags?post=48323"}],"curies":[{"name":"wp","href":"https:\/\/api.w.org\/{rel}","templated":true}]}}