{"id":48398,"date":"2023-04-20T06:56:35","date_gmt":"2023-04-20T10:56:35","guid":{"rendered":"https:\/\/jms.com.bo\/mediamonitor\/2023\/04\/20\/nuevo-reves-a-arce-direccion-del-mas-se-desliga-del-paquete-de-leyes\/"},"modified":"2023-04-20T06:56:35","modified_gmt":"2023-04-20T10:56:35","slug":"nuevo-reves-a-arce-direccion-del-mas-se-desliga-del-paquete-de-leyes","status":"publish","type":"post","link":"https:\/\/jms.com.bo\/mediamonitor\/2023\/04\/20\/nuevo-reves-a-arce-direccion-del-mas-se-desliga-del-paquete-de-leyes\/","title":{"rendered":"Nuevo rev\u00e9s a Arce, direcci\u00f3n del MAS se desliga del \u201cpaquete de leyes\u201d"},"content":{"rendered":"<p style=\"text-align: justify;\">En un nuevo rev\u00e9s al gobierno de Luis Arce, la direcci\u00f3n nacional del MAS-IPSP emiti\u00f3 un comunicado en el que se desliga de los anteproyectos de ley, calificados como \u201cpaquete de leyes malditas\u201d, que desencadenaron movilizaciones de sectores sociales en los \u00faltimos d\u00edas. Seg\u00fan el partido azul, esas normas propuestas desde el Ejecutivo atentan contra la independencia legislativa.<\/p>\n<p style=\"text-align: justify;\">\u201cAclaramos a la opini\u00f3n p\u00fablica y especialmente a los medios de comunicaci\u00f3n que ninguno de los anteproyectos de ley, calificados como \u2018paquete de leyes malditas\u2019 por la derecha reaccionaria, es iniciativa de nuestra organizaci\u00f3n pol\u00edtica. Reiteramos que ministros que no militan en el MAS-IPSP son los responsables de esas propuestas legislativas que desde nuestra posici\u00f3n institucional atentan contra la independencia del \u00d3rgano Legislativo\u201d, se lee en el documento.<\/p>\n<p style=\"text-align: justify;\">M\u00e9dicos, gremiales, c\u00edvicos, transportistas, cocaleros y jubilados protagonizaron marchas de protestas en Cochabamba, Santa Cruz, La Paz y Potos\u00ed el pasado martes. Las movilizaciones tuvieron el objetivo de rechazar los proyectos de 280 de Fortalecimiento a la Lucha contra la Legitimaci\u00f3n de Ganancias Il\u00edcitas, 304 de Regulaci\u00f3n de Contenido Difundido en Redes Sociales y 305 de Cumplimiento de Compromisos Internacionales en Materia de Derechos Humanos.<\/p>\n<p style=\"text-align: justify;\">Los proyectos 280 y 305 fueron remitos desde el Ejecutivo por el presidente Luis Arce Catacora al presidente de la Asamblea Legislativa Plurinacional, David Choquehuanca, el 23 de febrero y el 2 de marzo, respectivamente. El proyecto de ley 304 fue presentado por el diputado del MAS, Juan Jos\u00e9 Huanca, el 2 de marzo.<\/p>\n<p style=\"text-align: justify;\">Especulaci\u00f3n e Inestabilidad financiera<\/p>\n<p style=\"text-align: justify;\">La direcci\u00f3n nacional del MAS tambi\u00e9n acus\u00f3 a autoridades del Ejecutivo de haber iniciado una arremetida contra legisladores de su bancada por los \u201cgraves problemas de especulaci\u00f3n e inestabilidad financiera\u201d<\/p>\n<p style=\"text-align: justify;\">\u201cAsimismo denunciamos que las m\u00e1ximas autoridades del Ejecutivo han iniciado una arremetida pol\u00edtica para culpar a legisladores de la bancada del MAS-IPSP por los graves problemas de especulaci\u00f3n e inestabilidad financiera provocados por quienes eran falsamente presentados como \u2018ide\u00f3logos\u2019 del Modelo Econ\u00f3mico Comunitario Productivo Social\u201d, indica el pronunciamiento.<\/p>\n<p style=\"text-align: justify;\">Asimismo, la dirigencia pol\u00edtica hizo referencia a las palabras del vicepresidente David Choquehuanca que contradicen a Luis Arce sobre la estabilidad econ\u00f3mica del pa\u00eds y dijo que culpan a los legisladores del partido por no aprobar un endeudamiento.<\/p>\n<p style=\"text-align: justify;\">\u201cDe manera contradictoria al gobierno, el Hermano Vicepresidente David Choquehuanca confirm\u00f3 hoy que Bolivia ha quedado insolvente (\u2018sin plata\u2019) y busca pr\u00e9stamos, pese a que el Hermano Presidente Luis Arce asegur\u00f3 hace una semana que \u2018somos la econom\u00eda m\u00e1s estable\u2019. Ahora en medio de esas incoherencias, culpan a la bancada del MAS-IPSP por no aprobar ese endeudamiento\u201d, se lee.<\/p>\n","protected":false},"excerpt":{"rendered":"<p>En un nuevo rev\u00e9s al gobierno de Luis Arce, la direcci\u00f3n nacional del MAS-IPSP emiti\u00f3 un comunicado en el que se desliga de los anteproyectos de ley, calificados como \u201cpaquete de leyes malditas\u201d, que desencadenaron movilizaciones de sectores sociales en los \u00faltimos d\u00edas. Seg\u00fan el partido azul, esas normas propuestas desde el Ejecutivo atentan contra [&hellip;]<\/p>\n","protected":false},"author":4,"featured_media":48399,"comment_status":"open","ping_status":"closed","sticky":false,"template":"","format":"standard","meta":{"footnotes":""},"categories":[18,48,46],"tags":[],"class_list":{"0":"post-48398","1":"post","2":"type-post","3":"status-publish","4":"format-standard","5":"has-post-thumbnail","7":"category-politica","8":"category-portada-general-sitio","9":"category-portada-politica"},"_links":{"self":[{"href":"https:\/\/jms.com.bo\/mediamonitor\/wp-json\/wp\/v2\/posts\/48398","targetHints":{"allow":["GET"]}}],"collection":[{"href":"https:\/\/jms.com.bo\/mediamonitor\/wp-json\/wp\/v2\/posts"}],"about":[{"href":"https:\/\/jms.com.bo\/mediamonitor\/wp-json\/wp\/v2\/types\/post"}],"author":[{"embeddable":true,"href":"https:\/\/jms.com.bo\/mediamonitor\/wp-json\/wp\/v2\/users\/4"}],"replies":[{"embeddable":true,"href":"https:\/\/jms.com.bo\/mediamonitor\/wp-json\/wp\/v2\/comments?post=48398"}],"version-history":[{"count":0,"href":"https:\/\/jms.com.bo\/mediamonitor\/wp-json\/wp\/v2\/posts\/48398\/revisions"}],"wp:featuredmedia":[{"embeddable":true,"href":"https:\/\/jms.com.bo\/mediamonitor\/wp-json\/wp\/v2\/media\/48399"}],"wp:attachment":[{"href":"https:\/\/jms.com.bo\/mediamonitor\/wp-json\/wp\/v2\/media?parent=48398"}],"wp:term":[{"taxonomy":"category","embeddable":true,"href":"https:\/\/jms.com.bo\/mediamonitor\/wp-json\/wp\/v2\/categories?post=48398"},{"taxonomy":"post_tag","embeddable":true,"href":"https:\/\/jms.com.bo\/mediamonitor\/wp-json\/wp\/v2\/tags?post=48398"}],"curies":[{"name":"wp","href":"https:\/\/api.w.org\/{rel}","templated":true}]}}