{"id":48400,"date":"2023-04-20T06:58:31","date_gmt":"2023-04-20T10:58:31","guid":{"rendered":"https:\/\/jms.com.bo\/mediamonitor\/2023\/04\/20\/economistas-creen-que-ahora-toca-concretar-un-plan-y-ajustar-el-gasto\/"},"modified":"2023-04-20T06:58:31","modified_gmt":"2023-04-20T10:58:31","slug":"economistas-creen-que-ahora-toca-concretar-un-plan-y-ajustar-el-gasto","status":"publish","type":"post","link":"https:\/\/jms.com.bo\/mediamonitor\/2023\/04\/20\/economistas-creen-que-ahora-toca-concretar-un-plan-y-ajustar-el-gasto\/","title":{"rendered":"Economistas creen que ahora toca concretar un plan y ajustar el gasto"},"content":{"rendered":"<p style=\"text-align: justify;\">Despu\u00e9s que el vicepresidente David Choquehuanca admitiera que el Gobierno se qued\u00f3 sin dinero atribuyendo la responsabilidad al gobierno transitorio y al bloqueo de la aprobaci\u00f3n de cr\u00e9ditos en la Asamblea Legislativa, economistas creen que ahora toca que el Gobierno debe concretar un plan \u2018cre\u00edble\u2019 y un ajuste al gasto p\u00fablico.<\/p>\n<p style=\"text-align: justify;\">Citado en la estatal de noticias ABI, el ministro de Planificaci\u00f3n del Desarrollo, Sergio Cusicanqui, dijo que en la presente gesti\u00f3n se han aprobado cinco contratos de pr\u00e9stamo en la Asamblea, por un total de $us 705,8 millones aproximadamente, y \u201ctenemos pendientes otros siete contratos hasta el momento por un equivalente de $us 779,2 millones\u201d, apunt\u00f3.<\/p>\n<p style=\"text-align: justify;\">Para W\u00e1lter Morales, doctor en econom\u00eda, ahora habr\u00e1 que ver la rapidez y eficacia con que actuar\u00e1 el Ejecutivo para concretar un plan cre\u00edble que genere apoyo, dando estabilidad para evitar que la situaci\u00f3n se complique. \u201cSe debe procurar una modulaci\u00f3n de mensaje ideal, pero es altamente positivo que los mandatarios asuman responsabilidades con la gente y manden se\u00f1ales de que se debe mejorar. Que no sea presionando al Legislativo a tomar m\u00e1s medidas cortoplacistas. Esto se ha politizado demasiado\u201d, puntualiz\u00f3.<\/p>\n<p style=\"text-align: justify;\">Para el tambi\u00e9n doctor en econom\u00eda Antonio Saravia, las declaraciones de Choquehuanca son lastimeras. \u201cEl Gobierno se qued\u00f3 sin dinero y es bueno que lo reconozca, pero eso no se debe al \u2018gobierno transitorio\u2019. El descalabro fiscal se debe al mal manejo econ\u00f3mico de casi dos d\u00e9cadas, a que llevamos m\u00e1s de 10 a\u00f1os de d\u00e9ficits fiscales, a que dilapidaron las Reservas Internacionales Netas (RIN) de $us 15.000 a menos de $us 4.000 millones, a que despilfarraron m\u00e1s de $us 55.000 millones que ingresamos por venta de gas durante la bonanza, a que quintuplicaron la deuda, a que crearon m\u00e1s de 70 empresas p\u00fablicas que son solo nidos de ineficiencia y corrupci\u00f3n, a que gastan casi $us 20 millones al d\u00eda en sueldos y salarios, entre otros. Que Choquehuanca venga a culpar a fantasmas por lo que su partido caus\u00f3 es una completa falta de respeto a la gente\u201d, expres\u00f3.<\/p>\n<p style=\"text-align: justify;\">Para Saravia, es necesario un ajuste fuerte al gasto. Esto -dijo- implica reducir el subsidio a los combustibles, bajar la burocracia a la mitad, eliminar empresas p\u00fablicas y subir la tasa de inter\u00e9s para recoger bolivianos de la econom\u00eda y defender el tipo de cambio fijo. \u201cTodas estas medidas son contractivas y doler\u00e1n mucho, pero es lo que se debe hacer. Este es un momento cr\u00edtico que requiere medidas dr\u00e1sticas y la voluntad pol\u00edtica para aplicarlas. Me temo, sin embargo, que el Gobierno no tiene esa voluntad pol\u00edtica y no parece muy preocupado en llevarnos al despe\u00f1adero\u201d, puntualiz\u00f3.<\/p>\n<p style=\"text-align: justify;\">Deterioro de expectativas<\/p>\n<p style=\"text-align: justify;\">A juzgar por el ex director del Banco Central de Bolivia (BCB), Roger Banegas, el Gobierno est\u00e1 en una situaci\u00f3n econ\u00f3mica compleja. Infiere que los \u00faltimos informes de las calificadoras de riesgo se\u00f1alan a la gobernanza del pa\u00eds con una seria debilidad institucional, toda vez que no se cuenta con la mayor\u00eda parlamentaria para la aprobaci\u00f3n de leyes de empr\u00e9stitos, as\u00ed como para aprobaci\u00f3n de la ley del oro (por divisiones internas en el partido oficialista), esta situaci\u00f3n se ha complejizado con la falta de transparencia en la informaci\u00f3n por parte del BCB, cuyo ente no publica los datos de las RIN, ni de las operaciones de subasta que realiza el TGN a trav\u00e9s del BCB, desde el 8 de febrero (m\u00e1s de 70 d\u00edas), lo cual exacerbara la situaci\u00f3n y deteriora las expectativas de la liquidez en el pa\u00eds.<\/p>\n<p style=\"text-align: justify;\">Seg\u00fan Banegas, frente a la restricci\u00f3n presupuestaria del Gobierno en conseguir financiamiento externo, \u00e9ste ha venido operando a trav\u00e9s de las operaciones de subasta y captaci\u00f3n de liquidez proveniente de clientes institucionales (AFP), restando liquidez al sistema financiero y afectando a las tasas de inter\u00e9s.<\/p>\n<p style=\"text-align: justify;\">En tanto que el analista econ\u00f3mico y financiero Jaime Dunn, sostuvo que hay iliquidez en el Gobierno porque se agotaron las exportaciones de gas por la falta de una pol\u00edtica de exploraci\u00f3n y hoy la balanza energ\u00e9tica es negativa porque se compra m\u00e1s de lo que se vende. \u201cEste Gobierno ha recibido muchos recursos del exterior por m\u00e1s de $us 700 millones, lo que ha incrementado la deuda externa masivamente y la deuda p\u00fablica ha deteriorado las reservas. El gasto p\u00fablico \u2018enorme\u2019 en empresas estatales que \u2018queman\u2019 divisas son otros factores de la iliquidez estatal\u201d, mencion\u00f3.<\/p>\n<p style=\"text-align: justify;\">Para el economista Fernando Romero, el Gobierno est\u00e1 a tiempo de virar el tim\u00f3n. \u201cSi no hace un cambio importante en las pol\u00edticas econ\u00f3micas a corto plazo puede suceder una crisis importante, que afectar\u00e1 notablemente a la clase media y baja de la poblaci\u00f3n\u201d, alert\u00f3.<\/p>\n","protected":false},"excerpt":{"rendered":"<p>Despu\u00e9s que el vicepresidente David Choquehuanca admitiera que el Gobierno se qued\u00f3 sin dinero atribuyendo la responsabilidad al gobierno transitorio y al bloqueo de la aprobaci\u00f3n de cr\u00e9ditos en la Asamblea Legislativa, economistas creen que ahora toca que el Gobierno debe concretar un plan \u2018cre\u00edble\u2019 y un ajuste al gasto p\u00fablico. Citado en la estatal [&hellip;]<\/p>\n","protected":false},"author":4,"featured_media":48401,"comment_status":"open","ping_status":"closed","sticky":false,"template":"","format":"standard","meta":{"footnotes":""},"categories":[25],"tags":[],"class_list":{"0":"post-48400","1":"post","2":"type-post","3":"status-publish","4":"format-standard","5":"has-post-thumbnail","7":"category-economia"},"_links":{"self":[{"href":"https:\/\/jms.com.bo\/mediamonitor\/wp-json\/wp\/v2\/posts\/48400","targetHints":{"allow":["GET"]}}],"collection":[{"href":"https:\/\/jms.com.bo\/mediamonitor\/wp-json\/wp\/v2\/posts"}],"about":[{"href":"https:\/\/jms.com.bo\/mediamonitor\/wp-json\/wp\/v2\/types\/post"}],"author":[{"embeddable":true,"href":"https:\/\/jms.com.bo\/mediamonitor\/wp-json\/wp\/v2\/users\/4"}],"replies":[{"embeddable":true,"href":"https:\/\/jms.com.bo\/mediamonitor\/wp-json\/wp\/v2\/comments?post=48400"}],"version-history":[{"count":0,"href":"https:\/\/jms.com.bo\/mediamonitor\/wp-json\/wp\/v2\/posts\/48400\/revisions"}],"wp:featuredmedia":[{"embeddable":true,"href":"https:\/\/jms.com.bo\/mediamonitor\/wp-json\/wp\/v2\/media\/48401"}],"wp:attachment":[{"href":"https:\/\/jms.com.bo\/mediamonitor\/wp-json\/wp\/v2\/media?parent=48400"}],"wp:term":[{"taxonomy":"category","embeddable":true,"href":"https:\/\/jms.com.bo\/mediamonitor\/wp-json\/wp\/v2\/categories?post=48400"},{"taxonomy":"post_tag","embeddable":true,"href":"https:\/\/jms.com.bo\/mediamonitor\/wp-json\/wp\/v2\/tags?post=48400"}],"curies":[{"name":"wp","href":"https:\/\/api.w.org\/{rel}","templated":true}]}}