{"id":48402,"date":"2023-04-20T07:00:11","date_gmt":"2023-04-20T11:00:11","guid":{"rendered":"https:\/\/jms.com.bo\/mediamonitor\/2023\/04\/20\/gobierno-reconoce-que-la-economia-sortea-dificultades-y-urge-aprobar-creditos\/"},"modified":"2023-04-20T07:00:11","modified_gmt":"2023-04-20T11:00:11","slug":"gobierno-reconoce-que-la-economia-sortea-dificultades-y-urge-aprobar-creditos","status":"publish","type":"post","link":"https:\/\/jms.com.bo\/mediamonitor\/2023\/04\/20\/gobierno-reconoce-que-la-economia-sortea-dificultades-y-urge-aprobar-creditos\/","title":{"rendered":"Gobierno reconoce que la econom\u00eda sortea dificultades y urge aprobar cr\u00e9ditos"},"content":{"rendered":"<p style=\"text-align: justify;\">El ministro de Econom\u00eda, Marcelo Montenegro, admiti\u00f3 la noche de este mi\u00e9rcoles que \u201cla econom\u00eda boliviana est\u00e1 sorteando una serie de dificultades\u201d, urgi\u00f3 a la Asamblea Legislativa a aprobar cr\u00e9ditos pendientes y poner fin a las fricciones pol\u00edticas para no poner en riesgo la reconstrucci\u00f3n.<\/p>\n<p style=\"text-align: justify;\">Seg\u00fan la autoridad, estos problemas han venido con la pandemia de coronavirus, luego por insumos y energ\u00e9ticos m\u00e1s caros en 2022, y este 2023 varios pa\u00edses est\u00e1n preocupados por las altas tasas de inter\u00e9s.<\/p>\n<p style=\"text-align: justify;\">Cuando hay estos aumentos, los precios de los bonos de los pa\u00edses caen y el riesgo pa\u00eds que es calificado por diferentes agentes sube.<\/p>\n<p style=\"text-align: justify;\">\u201cLas fricciones pol\u00edticas que se generan en la Asamblea Legislativa est\u00e1n imposibilitando que se impulse de manera m\u00e1s r\u00e1pida la reconstrucci\u00f3n de la econom\u00eda y por eso tambi\u00e9n nuestra preocupaci\u00f3n desde el ejecutivo para que los asamble\u00edstas entiendan que la reconstrucci\u00f3n es un patrimonio de todos y eso beneficia a los bolivianos\u201d, recalc\u00f3.<\/p>\n<p style=\"text-align: justify;\">En la Asamblea est\u00e1n pendientes de aprobaci\u00f3n un cr\u00e9dito de 500 millones de d\u00f3lares del BID y otro de 52 millones de d\u00f3lares con el mismo organismos y un cr\u00e9dito con Jica de Jap\u00f3n de 130 millones de d\u00f3lares y el proyecto de Ley de Compra del Oro para el Fortalecimiento de las Reservas Internacionales Netas (RIN).<\/p>\n<p style=\"text-align: justify;\">\u201cEst\u00e1 un cr\u00e9dito de 50 millones de d\u00f3lares con el BID, son cr\u00e9ditos que ya nos han aprobado el BID, la CAF. Cuando asumimos el Gobierno, tuvimos que gastar con recursos de fuentes internas y externas en la compra de vacunas, pruebas ant\u00edgeno nasal, items para hospitales de segundo y tercer nivel y hoy es necesario reponer este esfuerzo\u201d, explic\u00f3 la autoridad.<\/p>\n<p style=\"text-align: justify;\">Montenegro se refiri\u00f3, por otra parte, al deterioro de la calificaci\u00f3n de riesgo del pa\u00eds de diferentes agencias, pero aclar\u00f3 que esto ir\u00e1 mejorando cuando se superen las fricciones pol\u00edticas y se aprueben los nuevos cr\u00e9ditos.<\/p>\n<p style=\"text-align: justify;\">Se\u00f1al\u00f3 que se mantuvo reuniones la semana pasada en Washington con varios inversionistas y calificadoras cuyos representantes le han manifestado que un elemento que les preocupa son las fricciones pol\u00edticas internas de Bolivia que generan un ambiente de incertidumbre.<\/p>\n<p style=\"text-align: justify;\">\u201cLos inversionistas han entendido luego de hablar con ellos que el problema de la econom\u00eda boliviana, de su reconstrucci\u00f3n no es econ\u00f3mico, sino de las fricciones pol\u00edticas que est\u00e1n impidiendo que la econom\u00eda avance, se hace necesario que en t\u00e9rminos pol\u00edticos se comprenda que no se puede secuestrar la soluci\u00f3n econ\u00f3mica a partir de posturas pol\u00edticas\u201d, resalt\u00f3 Montenegro.<\/p>\n<p style=\"text-align: justify;\">El ministro de Econom\u00eda insisti\u00f3 en que destrabando los cr\u00e9ditos y superando las fricciones pol\u00edticas habr\u00e1 una mejora de la calificaci\u00f3n de riesgo, los precios de los bonos se recuperar\u00e1n y eso va a permitir que se avance en la reconstrucci\u00f3n de la econom\u00eda.<\/p>\n<p style=\"text-align: justify;\">La ALP sesionar\u00e1 por los cr\u00e9ditos y el oro<\/p>\n<p style=\"text-align: justify;\">Para este jueves la Asamblea Legislativa prev\u00e9 el tratamiento y la aprobaci\u00f3n del proyecto de Ley 267\/2022-2023 que aprueba el contrato de pr\u00e9stamo 5376\/OC-BO para el proyecto \u201cApoyo a poblaciones vulnerables afectadas por el coronavirus II\u201d, suscrito con el BID el 24 de enero de este a\u00f1o por 500 millones de d\u00f3lares.<\/p>\n<p style=\"text-align: justify;\">Tambi\u00e9n el proyecto de Ley 268\/2022-2023 que aprueba el contrato de pr\u00e9stamo 5705\/OC-BO para el \u201cPrograma de Apoyo a la Preinversi\u00f3n para el Desarrollo II\u201d, suscrito con el BID el 24 de enero por un monto de 82 millones de d\u00f3lares.<\/p>\n<p style=\"text-align: justify;\">Se tratar\u00e1 tambi\u00e9n el proyecto de Ley 219&amp;2022-2023 \u201cCompra de Oro destinado al Fortalecimiento de las Reservas Internacionales Netas\u201d.<\/p>\n<p style=\"text-align: justify;\">Montenegro destac\u00f3 que la tasa de inflaci\u00f3n del pa\u00eds de 3,1% es una de las m\u00e1s bajas del mundo en un ambiente econ\u00f3mico mundial enrarecido.<\/p>\n<p style=\"text-align: justify;\">\u201cSaliendo de la pandemia en 2021 nos recuper\u00e1bamos y a inicios de 2022 estalla la guerra en Ucrania que ha generado un aumento de costos de insumos, energ\u00e9ticos que nos ha obligado a importar m\u00e1s caro (combustibles), que han subido en un 80%, pero se ha garantizado la estabilidad econ\u00f3mica\u201d, precis\u00f3.<\/p>\n<p style=\"text-align: justify;\">Se ha generado, dijo un ambiente propicio para que se siga produciendo, aumente el empleo, los ingresos y la demanda.<\/p>\n<p style=\"text-align: justify;\">\u201cEso nos da un indicio de que la econom\u00eda est\u00e1 en senda de reconstrucci\u00f3n, no obstante estos fen\u00f3menos de incertidumbre y que son trabas, pero que nosotros hemos sido capaces de capear los nubarrones negros en menos de dos a\u00f1os de gesti\u00f3n\u201d, subray\u00f3 la autoridad.<\/p>\n<p style=\"text-align: justify;\">Asegur\u00f3 que las recaudaciones mejoraron y se ha reducido el d\u00e9ficit fiscal de 12,7% en 2020 que no se observaba en tres d\u00e9cadas y se lo redujo a 7,2%.<\/p>\n<p style=\"text-align: justify;\">\n","protected":false},"excerpt":{"rendered":"<p>El ministro de Econom\u00eda, Marcelo Montenegro, admiti\u00f3 la noche de este mi\u00e9rcoles que \u201cla econom\u00eda boliviana est\u00e1 sorteando una serie de dificultades\u201d, urgi\u00f3 a la Asamblea Legislativa a aprobar cr\u00e9ditos pendientes y poner fin a las fricciones pol\u00edticas para no poner en riesgo la reconstrucci\u00f3n. Seg\u00fan la autoridad, estos problemas han venido con la pandemia [&hellip;]<\/p>\n","protected":false},"author":4,"featured_media":48403,"comment_status":"open","ping_status":"closed","sticky":false,"template":"","format":"standard","meta":{"footnotes":""},"categories":[25],"tags":[],"class_list":{"0":"post-48402","1":"post","2":"type-post","3":"status-publish","4":"format-standard","5":"has-post-thumbnail","7":"category-economia"},"_links":{"self":[{"href":"https:\/\/jms.com.bo\/mediamonitor\/wp-json\/wp\/v2\/posts\/48402","targetHints":{"allow":["GET"]}}],"collection":[{"href":"https:\/\/jms.com.bo\/mediamonitor\/wp-json\/wp\/v2\/posts"}],"about":[{"href":"https:\/\/jms.com.bo\/mediamonitor\/wp-json\/wp\/v2\/types\/post"}],"author":[{"embeddable":true,"href":"https:\/\/jms.com.bo\/mediamonitor\/wp-json\/wp\/v2\/users\/4"}],"replies":[{"embeddable":true,"href":"https:\/\/jms.com.bo\/mediamonitor\/wp-json\/wp\/v2\/comments?post=48402"}],"version-history":[{"count":0,"href":"https:\/\/jms.com.bo\/mediamonitor\/wp-json\/wp\/v2\/posts\/48402\/revisions"}],"wp:featuredmedia":[{"embeddable":true,"href":"https:\/\/jms.com.bo\/mediamonitor\/wp-json\/wp\/v2\/media\/48403"}],"wp:attachment":[{"href":"https:\/\/jms.com.bo\/mediamonitor\/wp-json\/wp\/v2\/media?parent=48402"}],"wp:term":[{"taxonomy":"category","embeddable":true,"href":"https:\/\/jms.com.bo\/mediamonitor\/wp-json\/wp\/v2\/categories?post=48402"},{"taxonomy":"post_tag","embeddable":true,"href":"https:\/\/jms.com.bo\/mediamonitor\/wp-json\/wp\/v2\/tags?post=48402"}],"curies":[{"name":"wp","href":"https:\/\/api.w.org\/{rel}","templated":true}]}}