{"id":48413,"date":"2023-04-20T07:03:00","date_gmt":"2023-04-20T11:03:00","guid":{"rendered":"https:\/\/jms.com.bo\/mediamonitor\/2023\/04\/20\/montenegro-fricciones-politicas-estan-impidiendo-que-la-economia-siga-avanzando\/"},"modified":"2023-04-20T07:03:00","modified_gmt":"2023-04-20T11:03:00","slug":"montenegro-fricciones-politicas-estan-impidiendo-que-la-economia-siga-avanzando","status":"publish","type":"post","link":"https:\/\/jms.com.bo\/mediamonitor\/2023\/04\/20\/montenegro-fricciones-politicas-estan-impidiendo-que-la-economia-siga-avanzando\/","title":{"rendered":"Montenegro: \u2018Fricciones pol\u00edticas est\u00e1n impidiendo que la econom\u00eda siga avanzando\u2019"},"content":{"rendered":"<p style=\"text-align: justify;\">El ministro de Econom\u00eda y Finanzas, Marcelo Montenegro, en una conferencia de prensa realizada este mi\u00e9rcoles, dijo que el problema econ\u00f3mico del pa\u00eds se solucionar\u00eda si dejan de existir fricciones pol\u00edticas, y que los prestamos multilaterales son parte fundamental para el desarrollo del modelo econ\u00f3mico social, comunitario y productivo impulsado por su gesti\u00f3n.<\/p>\n<p style=\"text-align: justify;\">\u201cEl problema de la econom\u00eda boliviana, de su reconstrucci\u00f3n, no es un problema econ\u00f3mico como tal, es un problema de estas fricciones pol\u00edticas que se est\u00e1n dando y est\u00e1n impidiendo que la econom\u00eda siga avanzando, entonces se hace necesario que en t\u00e9rminos pol\u00edticos haya una soluci\u00f3n\u201d, expres\u00f3 el Ministro ante c\u00e1maras.<\/p>\n<p style=\"text-align: justify;\">Este mi\u00e9rcoles se conoci\u00f3 que el vicepresidente, David Choquehuanca, declar\u00f3 en el 34 aniversario de Warisata que el Estado \u201cse qued\u00f3 sin plata.<\/p>\n<p style=\"text-align: justify;\">Ante estas declaraciones, Montenegro explic\u00f3 que el Estado Plurinacional de Bolivia necesita de recursos y liquidez que provengan de fondos multilaterales, tales con el Banco Interamericano de Desarrollo (BID), el Banco de Desarrollo de Am\u00e9rica Latina (CAF), y el Banco Mundial.<\/p>\n<p style=\"text-align: justify;\">\u201cSi no acudimos a estas fuentes de financiamiento no podremos seguir financiando el modelo econ\u00f3mico social, comunitario y productivo\u201d, dijo la autoridad del Ministerio de Econom\u00eda y Finanzas.<\/p>\n<p style=\"text-align: justify;\">A tiempo de lamentar que existan asamble\u00edstas que est\u00e1n en contra de la aprobaci\u00f3n de cr\u00e9ditos internacionales, aclar\u00f3 que ya fueron aprobados, pero, quedan dos pendientes para su aprobaci\u00f3n en la Asamblea Legislativa.<\/p>\n<p style=\"text-align: justify;\">Uno ser\u00eda de $us 500 millones por parte del BID y otro de $us 130 millones de d\u00f3lares a cargo del JICA (La Agencia de Cooperaci\u00f3n Internacional del Jap\u00f3n).<\/p>\n<p style=\"text-align: justify;\">Te Economist critic\u00f3 la econom\u00eda de Bolivia<br \/>\n\u201cEl modelo econ\u00f3mico de Bolivia est\u00e1 en quiebra\u201d, pregona el art\u00edculo titulado \u201cBolivia est\u00e1 al borde de una crisis econ\u00f3mica\u201d (traducido del ingl\u00e9s) publicado por The Economist el pasado martes.<\/p>\n<p style=\"text-align: justify;\">A pesar de que El ministro de Econom\u00eda y Finanzas, Marcelo Montenegro, indic\u00f3 que la soluci\u00f3n es pol\u00edtica, no econ\u00f3mica, que los prestamos son necesarios para seguir el modelo econ\u00f3mico social, comunitario y productivo, no rebati\u00f3 las afirmaciones del The Economist que asegura que el modelo \u201cestatista y populista\u201d impulsado por el oficialismo llev\u00f3 al pa\u00eds a estos momentos.<\/p>\n<p style=\"text-align: justify;\">Tampoco habl\u00f3 sobre las reservas de Bolivia que, seg\u00fan el medio extranjero, no cubrir\u00edan la demanda y financiaci\u00f3n energ\u00e9tica en Bolivia.<\/p>\n<p style=\"text-align: justify;\">A pesar de las duras afirmaciones (estamos en quiebra) del articulo extranjero, el mismo admite que Bolivia cuenta con buenos cr\u00e9ditos para pr\u00e9stamos multilaterales con entidades financieras extranjeras.<\/p>\n","protected":false},"excerpt":{"rendered":"<p>El ministro de Econom\u00eda y Finanzas, Marcelo Montenegro, en una conferencia de prensa realizada este mi\u00e9rcoles, dijo que el problema econ\u00f3mico del pa\u00eds se solucionar\u00eda si dejan de existir fricciones pol\u00edticas, y que los prestamos multilaterales son parte fundamental para el desarrollo del modelo econ\u00f3mico social, comunitario y productivo impulsado por su gesti\u00f3n. \u201cEl problema [&hellip;]<\/p>\n","protected":false},"author":4,"featured_media":48414,"comment_status":"open","ping_status":"closed","sticky":false,"template":"","format":"standard","meta":{"footnotes":""},"categories":[25,45,48],"tags":[],"class_list":{"0":"post-48413","1":"post","2":"type-post","3":"status-publish","4":"format-standard","5":"has-post-thumbnail","7":"category-economia","8":"category-portada-economia","9":"category-portada-general-sitio"},"_links":{"self":[{"href":"https:\/\/jms.com.bo\/mediamonitor\/wp-json\/wp\/v2\/posts\/48413","targetHints":{"allow":["GET"]}}],"collection":[{"href":"https:\/\/jms.com.bo\/mediamonitor\/wp-json\/wp\/v2\/posts"}],"about":[{"href":"https:\/\/jms.com.bo\/mediamonitor\/wp-json\/wp\/v2\/types\/post"}],"author":[{"embeddable":true,"href":"https:\/\/jms.com.bo\/mediamonitor\/wp-json\/wp\/v2\/users\/4"}],"replies":[{"embeddable":true,"href":"https:\/\/jms.com.bo\/mediamonitor\/wp-json\/wp\/v2\/comments?post=48413"}],"version-history":[{"count":0,"href":"https:\/\/jms.com.bo\/mediamonitor\/wp-json\/wp\/v2\/posts\/48413\/revisions"}],"wp:featuredmedia":[{"embeddable":true,"href":"https:\/\/jms.com.bo\/mediamonitor\/wp-json\/wp\/v2\/media\/48414"}],"wp:attachment":[{"href":"https:\/\/jms.com.bo\/mediamonitor\/wp-json\/wp\/v2\/media?parent=48413"}],"wp:term":[{"taxonomy":"category","embeddable":true,"href":"https:\/\/jms.com.bo\/mediamonitor\/wp-json\/wp\/v2\/categories?post=48413"},{"taxonomy":"post_tag","embeddable":true,"href":"https:\/\/jms.com.bo\/mediamonitor\/wp-json\/wp\/v2\/tags?post=48413"}],"curies":[{"name":"wp","href":"https:\/\/api.w.org\/{rel}","templated":true}]}}