{"id":48417,"date":"2023-04-20T07:10:14","date_gmt":"2023-04-20T11:10:14","guid":{"rendered":"https:\/\/jms.com.bo\/mediamonitor\/2023\/04\/20\/llega-la-primera-flota-de-autos-electricos-a-la-paz-para-ejecutar-el-programa-medico-en-tu-casa\/"},"modified":"2023-04-20T07:10:14","modified_gmt":"2023-04-20T11:10:14","slug":"llega-la-primera-flota-de-autos-electricos-a-la-paz-para-ejecutar-el-programa-medico-en-tu-casa","status":"publish","type":"post","link":"https:\/\/jms.com.bo\/mediamonitor\/2023\/04\/20\/llega-la-primera-flota-de-autos-electricos-a-la-paz-para-ejecutar-el-programa-medico-en-tu-casa\/","title":{"rendered":"Llega la primera flota de autos el\u00e9ctricos a La Paz para ejecutar el programa \u2018M\u00e9dico en tu Casa\u2019"},"content":{"rendered":"<p style=\"text-align: justify;\">El programa \u201cM\u00e9dico en tu Casa\u201d de la Alcald\u00eda de La Paz ser\u00e1 reforzado desde la siguiente semana con una flota de autos el\u00e9ctricos, con los cuales se har\u00e1 realidad el objetivo de este plan: facilitar la atenci\u00f3n de salud a la poblaci\u00f3n en su domicilio, cuando no le es posible ir hasta un centro m\u00e9dico.<\/p>\n<p style=\"text-align: justify;\">El equipo de motorizados fue recogido este mi\u00e9rcoles por la Secretar\u00eda Municipal de Salud de La Paz. Es preparada para entrar en operaci\u00f3n desde el 26 de este mes.<\/p>\n<p style=\"text-align: justify;\">\u201cB\u00e1sicamente va a ser una ayuda en relaci\u00f3n a aquellos pacientes; por ejemplo, cr\u00f3nicos, discapacitados que no puedan ir a un control en su hospital de segundo nivel; una previa coordinaci\u00f3n con Trabajo Social, se va a realizar la ficha y este auto, equipado con el m\u00e9dico adecuado, Fisioterapia o la Auxiliar de Enfermer\u00eda, van a ir a dar el tratamiento a la casa\u201d, explic\u00f3 a La Raz\u00f3n la secretaria de Salud de La Paz, Mar\u00eda Sol Verduguez.<\/p>\n<p style=\"text-align: justify;\">AUTOS<\/p>\n<p style=\"text-align: justify;\">De inicio son seis los veh\u00edculos Quantum, el\u00e9ctricos, que componen este equipo m\u00f3vil que transportar\u00e1 al personal de salud hasta los domicilios de los pacientes que as\u00ed lo necesiten.<\/p>\n<p style=\"text-align: justify;\">\u201cCada uno va a estar en cada uno de nuestros hospitales municipales y uno va a estar en (las instalaciones) de Auxilio 167. Se va a hacer la coordinaci\u00f3n tanto en la necesidad; por ejemplo, un paciente posoperado que no pueda ir al hospital para una curaci\u00f3n, un paciente cr\u00f3nico o un anciano que viva solo. Se va a dar el servicio con Trabajo Social y se va a programar la visita\u201d.<\/p>\n<p style=\"text-align: justify;\">El horario de atenci\u00f3n ser\u00e1 en la ma\u00f1ana, en esta primera fase piloto del servicio; no obstante, no se descarta ampliar las horas si es que as\u00ed se requiere.<\/p>\n","protected":false},"excerpt":{"rendered":"<p>El programa \u201cM\u00e9dico en tu Casa\u201d de la Alcald\u00eda de La Paz ser\u00e1 reforzado desde la siguiente semana con una flota de autos el\u00e9ctricos, con los cuales se har\u00e1 realidad el objetivo de este plan: facilitar la atenci\u00f3n de salud a la poblaci\u00f3n en su domicilio, cuando no le es posible ir hasta un centro [&hellip;]<\/p>\n","protected":false},"author":4,"featured_media":48418,"comment_status":"open","ping_status":"closed","sticky":false,"template":"","format":"standard","meta":{"footnotes":""},"categories":[39,44,48],"tags":[],"class_list":{"0":"post-48417","1":"post","2":"type-post","3":"status-publish","4":"format-standard","5":"has-post-thumbnail","7":"category-energia","8":"category-portada-energia","9":"category-portada-general-sitio"},"_links":{"self":[{"href":"https:\/\/jms.com.bo\/mediamonitor\/wp-json\/wp\/v2\/posts\/48417","targetHints":{"allow":["GET"]}}],"collection":[{"href":"https:\/\/jms.com.bo\/mediamonitor\/wp-json\/wp\/v2\/posts"}],"about":[{"href":"https:\/\/jms.com.bo\/mediamonitor\/wp-json\/wp\/v2\/types\/post"}],"author":[{"embeddable":true,"href":"https:\/\/jms.com.bo\/mediamonitor\/wp-json\/wp\/v2\/users\/4"}],"replies":[{"embeddable":true,"href":"https:\/\/jms.com.bo\/mediamonitor\/wp-json\/wp\/v2\/comments?post=48417"}],"version-history":[{"count":0,"href":"https:\/\/jms.com.bo\/mediamonitor\/wp-json\/wp\/v2\/posts\/48417\/revisions"}],"wp:featuredmedia":[{"embeddable":true,"href":"https:\/\/jms.com.bo\/mediamonitor\/wp-json\/wp\/v2\/media\/48418"}],"wp:attachment":[{"href":"https:\/\/jms.com.bo\/mediamonitor\/wp-json\/wp\/v2\/media?parent=48417"}],"wp:term":[{"taxonomy":"category","embeddable":true,"href":"https:\/\/jms.com.bo\/mediamonitor\/wp-json\/wp\/v2\/categories?post=48417"},{"taxonomy":"post_tag","embeddable":true,"href":"https:\/\/jms.com.bo\/mediamonitor\/wp-json\/wp\/v2\/tags?post=48417"}],"curies":[{"name":"wp","href":"https:\/\/api.w.org\/{rel}","templated":true}]}}