{"id":48419,"date":"2023-04-20T07:11:24","date_gmt":"2023-04-20T11:11:24","guid":{"rendered":"https:\/\/jms.com.bo\/mediamonitor\/2023\/04\/20\/ministerio-de-hidrocarburos-participa-en-la-tercera-comision-de-integracion-conjunta-bolivia-venezuela\/"},"modified":"2023-04-20T07:11:24","modified_gmt":"2023-04-20T11:11:24","slug":"ministerio-de-hidrocarburos-participa-en-la-tercera-comision-de-integracion-conjunta-bolivia-venezuela","status":"publish","type":"post","link":"https:\/\/jms.com.bo\/mediamonitor\/2023\/04\/20\/ministerio-de-hidrocarburos-participa-en-la-tercera-comision-de-integracion-conjunta-bolivia-venezuela\/","title":{"rendered":"Ministerio de Hidrocarburos participa en la Tercera Comisi\u00f3n de Integraci\u00f3n Conjunta Bolivia-Venezuela"},"content":{"rendered":"<p style=\"text-align: justify;\">El ministro de Hidrocarburos y Energ\u00edas, Franklin Molina, participa en Caracas de la Tercera Comisi\u00f3n de Integraci\u00f3n Conjunta Bolivia-Venezuela con la finalidad de fortalecer la relaci\u00f3n bilateral entre ambos pa\u00edses en las \u00e1reas de energ\u00eda, ciencia y tecnolog\u00eda.<\/p>\n<p style=\"text-align: justify;\">Junto a Molina est\u00e1n el viceministro de Exploraci\u00f3n y Explotaci\u00f3n de Recursos Energ\u00e9ticos, Ra\u00fal Mayta, y los presidentes de Yacimientos Petrol\u00edferos Fiscales Bolivianos (YPFB), Armin Dorgathen, y de la Empresa Nacional de Electricidad (ENDE), Manuel Valle.<\/p>\n<p style=\"text-align: justify;\">Entre este mi\u00e9rcoles y el jueves, las autoridades participar\u00e1n de una serie de reuniones que concluir\u00e1n con una Declaraci\u00f3n Conjunta de los acuerdos logrados en mesas de trabajo, en las que tambi\u00e9n se conocer\u00e1n los resultados en otras \u00e1reas como educaci\u00f3n, miner\u00eda, justicia, turismo, cultura, medio ambiente y comercio.<\/p>\n<p style=\"text-align: justify;\">Bolivia y Venezuela desarrollaron la Primera Comisi\u00f3n de Integraci\u00f3n Conjunta en 2011, en la ciudad de Cochabamba, record\u00f3 el Ministerio de Hidrocarburos y Energ\u00edas.<\/p>\n","protected":false},"excerpt":{"rendered":"<p>El ministro de Hidrocarburos y Energ\u00edas, Franklin Molina, participa en Caracas de la Tercera Comisi\u00f3n de Integraci\u00f3n Conjunta Bolivia-Venezuela con la finalidad de fortalecer la relaci\u00f3n bilateral entre ambos pa\u00edses en las \u00e1reas de energ\u00eda, ciencia y tecnolog\u00eda. Junto a Molina est\u00e1n el viceministro de Exploraci\u00f3n y Explotaci\u00f3n de Recursos Energ\u00e9ticos, Ra\u00fal Mayta, y los [&hellip;]<\/p>\n","protected":false},"author":4,"featured_media":48420,"comment_status":"open","ping_status":"closed","sticky":false,"template":"","format":"standard","meta":{"footnotes":""},"categories":[40,23],"tags":[],"class_list":{"0":"post-48419","1":"post","2":"type-post","3":"status-publish","4":"format-standard","5":"has-post-thumbnail","7":"category-bolivia","8":"category-hidrocarburos"},"_links":{"self":[{"href":"https:\/\/jms.com.bo\/mediamonitor\/wp-json\/wp\/v2\/posts\/48419","targetHints":{"allow":["GET"]}}],"collection":[{"href":"https:\/\/jms.com.bo\/mediamonitor\/wp-json\/wp\/v2\/posts"}],"about":[{"href":"https:\/\/jms.com.bo\/mediamonitor\/wp-json\/wp\/v2\/types\/post"}],"author":[{"embeddable":true,"href":"https:\/\/jms.com.bo\/mediamonitor\/wp-json\/wp\/v2\/users\/4"}],"replies":[{"embeddable":true,"href":"https:\/\/jms.com.bo\/mediamonitor\/wp-json\/wp\/v2\/comments?post=48419"}],"version-history":[{"count":0,"href":"https:\/\/jms.com.bo\/mediamonitor\/wp-json\/wp\/v2\/posts\/48419\/revisions"}],"wp:featuredmedia":[{"embeddable":true,"href":"https:\/\/jms.com.bo\/mediamonitor\/wp-json\/wp\/v2\/media\/48420"}],"wp:attachment":[{"href":"https:\/\/jms.com.bo\/mediamonitor\/wp-json\/wp\/v2\/media?parent=48419"}],"wp:term":[{"taxonomy":"category","embeddable":true,"href":"https:\/\/jms.com.bo\/mediamonitor\/wp-json\/wp\/v2\/categories?post=48419"},{"taxonomy":"post_tag","embeddable":true,"href":"https:\/\/jms.com.bo\/mediamonitor\/wp-json\/wp\/v2\/tags?post=48419"}],"curies":[{"name":"wp","href":"https:\/\/api.w.org\/{rel}","templated":true}]}}