{"id":48473,"date":"2023-04-21T06:40:36","date_gmt":"2023-04-21T10:40:36","guid":{"rendered":"https:\/\/jms.com.bo\/mediamonitor\/2023\/04\/21\/latinoamerica-retrocede-30-anos-en-vacunacion-infantil-segun-unicef\/"},"modified":"2023-04-21T06:40:36","modified_gmt":"2023-04-21T10:40:36","slug":"latinoamerica-retrocede-30-anos-en-vacunacion-infantil-segun-unicef","status":"publish","type":"post","link":"https:\/\/jms.com.bo\/mediamonitor\/2023\/04\/21\/latinoamerica-retrocede-30-anos-en-vacunacion-infantil-segun-unicef\/","title":{"rendered":"Latinoam\u00e9rica retrocede 30 a\u00f1os en vacunaci\u00f3n infantil, seg\u00fan Unicef"},"content":{"rendered":"<p style=\"text-align: justify;\">Am\u00e9rica Latina y el Caribe atraviesa una de sus peores crisis de vacunaci\u00f3n infantil b\u00e1sica al pasar \u00abgravemente\u00bb en la \u00faltima d\u00e9cada de tener una de las tasas de inmunizaci\u00f3n en ni\u00f1os m\u00e1s altas del mundo a una de las m\u00e1s bajas, advirti\u00f3 Unicef \u200ben un informe divulgado este mi\u00e9rcoles (19.04.2023).<\/p>\n<p style=\"text-align: justify;\">\u00abDurante muchos a\u00f1os, Am\u00e9rica Latina y el Caribe registr\u00f3 una de las tasas de vacunaci\u00f3n infantil m\u00e1s altas del mundo. Ahora presenta una de las m\u00e1s bajas. Esta es una de las crisis de vacunaci\u00f3n infantil m\u00e1s graves que la regi\u00f3n ha visto en casi 30 a\u00f1os\u201d, dijo el director regional de Unicef, Garry Conille.<\/p>\n<p style=\"text-align: justify;\">El informe \u00abEl Estado Mundial de la Infancia 2023: Para cada infancia, vacunaci\u00f3n\u201d revela que el nivel de vacunaci\u00f3n en Am\u00e9rica Latina y el Caribe est\u00e1 en un 75 %, por debajo de la media mundial (81 %) y justo por delante de \u00c1frica Oriental y Meridional (74 %).<\/p>\n<p style=\"text-align: justify;\">En Am\u00e9rica Latina y el Caribe la cobertura de la \u00abtercera dosis\u00bb de la vacuna combinada contra la difteria, el t\u00e9tano y la tosferina en infantes menores de un a\u00f1o se situaba en 2021 en un 75 %, tras sufrir una ca\u00edda del 18 % desde 2012, a\u00f1o en que se situaba en el 93%, seg\u00fan datos recogidos en el comunicado.<\/p>\n<p style=\"text-align: justify;\">Uno de cada 4 ni\u00f1os carece de vacunas b\u00e1sicas<\/p>\n<p style=\"text-align: justify;\">\u00abNo tenemos la (tasa) m\u00e1s baja. Pero hemos tenido el descenso m\u00e1s r\u00e1pido o m\u00e1s grave porque ten\u00edamos una (cobertura) muy alta, casi del 95% y en pocos a\u00f1os bajamos al 75 %\u00bb, dijo el asesor de inmunizaci\u00f3n de Unicef para Am\u00e9rica Latina y el Caribe, el haitiano-estadounidense Ralph Midy.<\/p>\n<p style=\"text-align: justify;\">El estudio de Unicef tambi\u00e9n destac\u00f3 que \u00abuno de cada 4 ni\u00f1os y ni\u00f1as\u00bb carece de vacunas b\u00e1sicas, \u00abhaciendo retroceder las tasas de cobertura de inmunizaci\u00f3n a los niveles de hace casi 30 a\u00f1os\u00bb.<\/p>\n<p style=\"text-align: justify;\">Midy, quien se\u00f1al\u00f3 tener \u00abfe\u00bb de poder \u00ablograr una cobertura m\u00e1s alta como en el pasado\u00bb, explic\u00f3 que esa baja tasa de vacunaci\u00f3n se debe a causas multifactoriales: la crisis social, pol\u00edtica y econom\u00eda de algunos pa\u00edses de la regi\u00f3n, la falta de inversi\u00f3n en salud p\u00fablica, la ola migratoria y las consecuencias de la pandemia de la Covid-19.<\/p>\n<p style=\"text-align: justify;\">\n<p style=\"text-align: justify;\">\n","protected":false},"excerpt":{"rendered":"<p>Am\u00e9rica Latina y el Caribe atraviesa una de sus peores crisis de vacunaci\u00f3n infantil b\u00e1sica al pasar \u00abgravemente\u00bb en la \u00faltima d\u00e9cada de tener una de las tasas de inmunizaci\u00f3n en ni\u00f1os m\u00e1s altas del mundo a una de las m\u00e1s bajas, advirti\u00f3 Unicef \u200ben un informe divulgado este mi\u00e9rcoles (19.04.2023). \u00abDurante muchos a\u00f1os, Am\u00e9rica [&hellip;]<\/p>\n","protected":false},"author":4,"featured_media":48474,"comment_status":"open","ping_status":"closed","sticky":false,"template":"","format":"standard","meta":{"footnotes":""},"categories":[53],"tags":[],"class_list":{"0":"post-48473","1":"post","2":"type-post","3":"status-publish","4":"format-standard","5":"has-post-thumbnail","7":"category-salud"},"_links":{"self":[{"href":"https:\/\/jms.com.bo\/mediamonitor\/wp-json\/wp\/v2\/posts\/48473","targetHints":{"allow":["GET"]}}],"collection":[{"href":"https:\/\/jms.com.bo\/mediamonitor\/wp-json\/wp\/v2\/posts"}],"about":[{"href":"https:\/\/jms.com.bo\/mediamonitor\/wp-json\/wp\/v2\/types\/post"}],"author":[{"embeddable":true,"href":"https:\/\/jms.com.bo\/mediamonitor\/wp-json\/wp\/v2\/users\/4"}],"replies":[{"embeddable":true,"href":"https:\/\/jms.com.bo\/mediamonitor\/wp-json\/wp\/v2\/comments?post=48473"}],"version-history":[{"count":0,"href":"https:\/\/jms.com.bo\/mediamonitor\/wp-json\/wp\/v2\/posts\/48473\/revisions"}],"wp:featuredmedia":[{"embeddable":true,"href":"https:\/\/jms.com.bo\/mediamonitor\/wp-json\/wp\/v2\/media\/48474"}],"wp:attachment":[{"href":"https:\/\/jms.com.bo\/mediamonitor\/wp-json\/wp\/v2\/media?parent=48473"}],"wp:term":[{"taxonomy":"category","embeddable":true,"href":"https:\/\/jms.com.bo\/mediamonitor\/wp-json\/wp\/v2\/categories?post=48473"},{"taxonomy":"post_tag","embeddable":true,"href":"https:\/\/jms.com.bo\/mediamonitor\/wp-json\/wp\/v2\/tags?post=48473"}],"curies":[{"name":"wp","href":"https:\/\/api.w.org\/{rel}","templated":true}]}}