{"id":48475,"date":"2023-04-21T06:42:35","date_gmt":"2023-04-21T10:42:35","guid":{"rendered":"https:\/\/jms.com.bo\/mediamonitor\/2023\/04\/21\/las-infecciones-respiratorias-agudas-estan-danando-a-los-bebes\/"},"modified":"2023-04-21T06:42:35","modified_gmt":"2023-04-21T10:42:35","slug":"las-infecciones-respiratorias-agudas-estan-danando-a-los-bebes","status":"publish","type":"post","link":"https:\/\/jms.com.bo\/mediamonitor\/2023\/04\/21\/las-infecciones-respiratorias-agudas-estan-danando-a-los-bebes\/","title":{"rendered":"Las infecciones respiratorias agudas est\u00e1n da\u00f1ando a los beb\u00e9s"},"content":{"rendered":"<p style=\"text-align: justify;\">Quiz\u00e1s ya se sabe de memoria estas medidas de bioseguridad: uso de barbijo, distanciamiento f\u00edsico y desinfecci\u00f3n de manos con alcohol, o lavado constante de manos; pero deben mantenerlas tanto los ni\u00f1os como los adultos para prevenir las llamadas Infecciones Respiratorias Agudas (IRA). La pandemia ha demostrado que son efectivas, coinciden los especialistas.\u200b<\/p>\n<p style=\"text-align: justify;\">En Santa Cruz, durante las \u00faltimas semanas y, sobre todo entre los m\u00e1s peque\u00f1os, circulan neumon\u00edas virales y bacterianas; influenza, bronquiolitis, coqueluche y, aunque en menor medida, el covid-19.<\/p>\n<p style=\"text-align: justify;\">La pediatra Stefany Blacutt y los infect\u00f3logos Carlos Paz y Rodrigo Castedo recomiendan no consumir antibi\u00f3ticos si se trata de una infecci\u00f3n viral, puesto que, de hacerlo, est\u00e1n provocando que la bacteria sea resistente al medicamento; de manera que los remedios no har\u00e1n efecto. Para saber si un paciente tiene una infecci\u00f3n viral o bacteriana, es necesario acudir al m\u00e9dico, que pedir\u00e1 los an\u00e1lisis que sean necesarios y prescribir\u00e1 los medicamentos que correspondan.<\/p>\n<p style=\"text-align: justify;\">Las IRA suelen aparecer en oto\u00f1o y este a\u00f1o, llegaron con anticipaci\u00f3n, de acuerdo con Blacutt, que refiere que el n\u00famero de casos de ni\u00f1os enfermos con cuadros virales es elevado.<\/p>\n<p style=\"text-align: justify;\">Lamenta que los beb\u00e9s menores de tres meses de vida sean de los m\u00e1s afectados por neumon\u00edas virales y que, en muchos casos, se ha visto la necesidad de suministrarles ox\u00edgeno, debido a la dificultad para respirar. En este caso, explica, los peque\u00f1os a\u00fan no tienen todas las vacunas que corresponden, por lo que est\u00e1n m\u00e1s susceptibles a adquirir el virus. Por otro lado, al ser virales, su tratamiento es m\u00e1s complicado, sostiene.<\/p>\n<p style=\"text-align: justify;\">Tambi\u00e9n menciona que las neumon\u00edas bacterianas est\u00e1n m\u00e1s severas y agresivas que antes y que, muchas veces se produce sobreinfecci\u00f3n; es decir que los ni\u00f1os, al poco tiempo de haberse sanado, vuelven a enfermar.<\/p>\n<p style=\"text-align: justify;\">Paz explica que una de las causas por las que m\u00e1s ni\u00f1os est\u00e9n afectados por estas IRA tiene que ver con que los chicos estuvieron encerrados durante la pandemia por coronavirus, por lo que no estuvieron expuestos a los pat\u00f3genos que las causan, sean virus o bacterias; y, por ello, no tienen anticuerpos y \u201cse est\u00e1n poniendo al d\u00eda\u201d, con estos pat\u00f3genos.<\/p>\n<p style=\"text-align: justify;\">Castedo coincide con Paz, en que durante la pandemia del Covid-19 estos virus y bacterias no circularon o lo hicieron en muy menor medida. Castedo opina que el uso de barbijos y las medidas de bioseguridad protegieron tambi\u00e9n de estas enfermedades que, al ser infecciones respiratorias, se transmiten de la misma forma que el covid-19.<\/p>\n<p style=\"text-align: justify;\">Blacutt pide a los padres llevar a sus hijos a la consulta m\u00e9dica porque, en los casos de neumon\u00eda, si no se act\u00faa correcta y oportunamente, puede haber complicaciones, como la dificultad para respirar; pero, al verse afectados los pulmones, tambi\u00e9n se ha visto que hay derrame pleural (l\u00edquido) y debe intervenirse; o, en otros casos, pulmones necrosados (tejido muerto), que deben retirarse, incluso en beb\u00e9s de meses.<\/p>\n<p style=\"text-align: justify;\">Infecciones respiratorias<\/p>\n<p style=\"text-align: justify;\">LA INFLUENZA<\/p>\n<p style=\"text-align: justify;\">Existe una vacuna para prevenir esta infecci\u00f3n, que es causada por virus del tipo A, como el AH1N1, y del tipo B. En el pa\u00eds la inmunizaci\u00f3n es gratuita y est\u00e1 disponibles en los centros de salud. Los m\u00e9dicos recuerdan que se debe recibir una dosis al a\u00f1o, sobre todo si se encuentra en el grupo de riesgo: menores de cinco a\u00f1os de edad; adultos mayores, y personas: inmunodeprimidas, con enfermedades de base y embarazadas.<\/p>\n<p style=\"text-align: justify;\">Paz indica que, en este momento, la prioridad de vacunaci\u00f3n debe ser la influenza -por encima del Covid-19-, dado que los contagios est\u00e1n ascendiendo. Similar recomendaci\u00f3n es la de Castedo, que manifiesta que este es el tiempo de inmunizarse.<\/p>\n<p style=\"text-align: justify;\">Tanto la Gobernaci\u00f3n como la Alcald\u00eda de Santa Cruz iniciaron esta semana la campa\u00f1a de Vacunaci\u00f3n de las Am\u00e9ricas, que incluye la inmunizaci\u00f3n para prevenir 23 enfermedades, entre ellas la influenza, el covid y la tosferina.<br \/>\nSIGNOS Y S\u00cdNTOMAS<\/p>\n<p style=\"text-align: justify;\">Las infecciones respiratorias agudas pueden ser leves, pero tambi\u00e9n pueden complicarse; los s\u00edntomas y signos de alarma a los que deben estar alertas los padres, de acuerdo con Paz, son los siguientes: Si son beb\u00e9s, que no tomen leche o no se alimenten; irritabilidad, cansancio, respiraci\u00f3n r\u00e1pida, que puede verse en un \u2018aleteo\u2019 nasal y el movimiento de las costillas del medio. Si se observan algunos de estos, debe acudirse al m\u00e9dico inmediatamente.<\/p>\n<p style=\"text-align: justify;\">En los m\u00e1s grandes: el cansancio, la respiraci\u00f3n r\u00e1pida, la irritabilidad, los v\u00f3mitos (provocados por flemas), que impiden comer, y tambi\u00e9n el movimiento de las costillas, son signos de que algo no est\u00e1 bien. Tanto en beb\u00e9s como en ni\u00f1os m\u00e1s grandes debe alertar que, si hay fiebre, dure m\u00e1s de cuatro d\u00edas.<\/p>\n<p style=\"text-align: justify;\">Infecciones respiratorias<\/p>\n<p style=\"text-align: justify;\">Paz se\u00f1ala que, la mayor\u00eda de las IRA tienen cuadros autolimitantes, es decir que se acaban por s\u00ed solas despu\u00e9s de dos o tres d\u00edas. Sin embargo, la tos puede extenderse por hasta 10 d\u00edas. Esto depender\u00e1 de cu\u00e1n lesionado hubiera resultado el pulm\u00f3n, lo que suele afectar m\u00e1s a aquellos pacientes con predisposici\u00f3n a alergias.<\/p>\n<p style=\"text-align: justify;\">Si el cuadro es leve, indica Castedo, la infecci\u00f3n se cura por s\u00ed sola; pero, insiste, es necesario acudir a un m\u00e9dico que determine si se trata de una enfermedad producida por un virus o una bacteria, y no tomar un medicamento que sobr\u00f3 de una anterior infecci\u00f3n o que alguien m\u00e1s (que no es m\u00e9dico) recomienda.<\/p>\n<p style=\"text-align: justify;\">COVID-19<\/p>\n<p style=\"text-align: justify;\">Los galenos coinciden en que, en estas semanas, no hay tantos casos de covid, como de otras infecciones. Blacutt lamenta que no todos los ni\u00f1os hubieran completado su esquema de vacunaci\u00f3n y anima a sus familias a hacerlo.<\/p>\n<p style=\"text-align: justify;\">Por su parte, Castedo expresa la necesidad de usar vacunas bivalentes, porque protegen no solo de la cepa original del coronavirus, sino tambi\u00e9n de la variante \u00f3micron. El infect\u00f3logo manifest\u00f3 que, en el \u00faltimo tiempo no se han registrado nuevas variantes, aunque s\u00ed subvariantes de \u00f3micron. Record\u00f3 que la pandemia no ha terminado y que hay que estar atentos.<\/p>\n<p style=\"text-align: justify;\">\n","protected":false},"excerpt":{"rendered":"<p>Quiz\u00e1s ya se sabe de memoria estas medidas de bioseguridad: uso de barbijo, distanciamiento f\u00edsico y desinfecci\u00f3n de manos con alcohol, o lavado constante de manos; pero deben mantenerlas tanto los ni\u00f1os como los adultos para prevenir las llamadas Infecciones Respiratorias Agudas (IRA). La pandemia ha demostrado que son efectivas, coinciden los especialistas.\u200b En Santa [&hellip;]<\/p>\n","protected":false},"author":4,"featured_media":48476,"comment_status":"open","ping_status":"closed","sticky":false,"template":"","format":"standard","meta":{"footnotes":""},"categories":[53],"tags":[],"class_list":{"0":"post-48475","1":"post","2":"type-post","3":"status-publish","4":"format-standard","5":"has-post-thumbnail","7":"category-salud"},"_links":{"self":[{"href":"https:\/\/jms.com.bo\/mediamonitor\/wp-json\/wp\/v2\/posts\/48475","targetHints":{"allow":["GET"]}}],"collection":[{"href":"https:\/\/jms.com.bo\/mediamonitor\/wp-json\/wp\/v2\/posts"}],"about":[{"href":"https:\/\/jms.com.bo\/mediamonitor\/wp-json\/wp\/v2\/types\/post"}],"author":[{"embeddable":true,"href":"https:\/\/jms.com.bo\/mediamonitor\/wp-json\/wp\/v2\/users\/4"}],"replies":[{"embeddable":true,"href":"https:\/\/jms.com.bo\/mediamonitor\/wp-json\/wp\/v2\/comments?post=48475"}],"version-history":[{"count":0,"href":"https:\/\/jms.com.bo\/mediamonitor\/wp-json\/wp\/v2\/posts\/48475\/revisions"}],"wp:featuredmedia":[{"embeddable":true,"href":"https:\/\/jms.com.bo\/mediamonitor\/wp-json\/wp\/v2\/media\/48476"}],"wp:attachment":[{"href":"https:\/\/jms.com.bo\/mediamonitor\/wp-json\/wp\/v2\/media?parent=48475"}],"wp:term":[{"taxonomy":"category","embeddable":true,"href":"https:\/\/jms.com.bo\/mediamonitor\/wp-json\/wp\/v2\/categories?post=48475"},{"taxonomy":"post_tag","embeddable":true,"href":"https:\/\/jms.com.bo\/mediamonitor\/wp-json\/wp\/v2\/tags?post=48475"}],"curies":[{"name":"wp","href":"https:\/\/api.w.org\/{rel}","templated":true}]}}