{"id":48477,"date":"2023-04-21T06:44:23","date_gmt":"2023-04-21T10:44:23","guid":{"rendered":"https:\/\/jms.com.bo\/mediamonitor\/2023\/04\/21\/suben-los-resfrios-y-tambien-los-precios-de-los-medicamentos-el-gobierno-anuncia-controles\/"},"modified":"2023-04-21T06:44:43","modified_gmt":"2023-04-21T10:44:43","slug":"suben-los-resfrios-y-tambien-los-precios-de-los-medicamentos-el-gobierno-anuncia-controles","status":"publish","type":"post","link":"https:\/\/jms.com.bo\/mediamonitor\/2023\/04\/21\/suben-los-resfrios-y-tambien-los-precios-de-los-medicamentos-el-gobierno-anuncia-controles\/","title":{"rendered":"\u00bfSuben los resfr\u00edos y tambi\u00e9n los precios de los medicamentos? El Gobierno anuncia controles"},"content":{"rendered":"<p style=\"text-align: justify;\">Confirmado el incremento de las infecciones respiratorias y la demanda de los medicamentos para su tratamiento; el Gobierno anunci\u00f3 controles a los precios de los f\u00e1rmacos, porque llegaron reportes de incrementos en medio de la ola de resfr\u00edos.<\/p>\n<p style=\"text-align: justify;\">\u201cHemos estado recibiendo preocupaciones por parte de los consumidores, respecto a que se estar\u00eda elevando el precio de aquellos medicamentos que son ahora demandados para tratar resfr\u00edos que, por el cambio de clima, estar\u00edan afectando a la poblaci\u00f3n\u201d, explic\u00f3 el viceministro de Defensa de los Derechos del Usuario y Consumidor, Jorge Silva.<\/p>\n<p style=\"text-align: justify;\">Las farmacias tienen la instrucci\u00f3n de respetar los precios establecidos por la Agencia Estatal de Medicamentos y Tecnolog\u00edas de Salud (Agemed); incluso la lista de costos deber\u00eda estar exhibida en estos negocios.<\/p>\n<p style=\"text-align: justify;\">El viceministerio habilit\u00f3 dos v\u00edas de denuncia. Los reportes se pueden emitir mediante la l\u00ednea gratuita 800100202 o la aplicaci\u00f3n \u201cDefensa del Consumidor\u201d disponible en Play Store. Los operativos se realizar\u00e1n en coordinaci\u00f3n con los Servicios Departamentales de Salud (SEDES) y las farmacias se exponen a una multa de hasta 1.000 UFV si se elevan los precios.<\/p>\n<p style=\"text-align: justify;\">Adem\u00e1s de la obligatoriedad de cumplir los precios de los medicamentos de la Agemed; se record\u00f3 que las farmacias deben ser atendidas por regentes farmac\u00e9uticos. \u201cEn El Alto tenemos varias quejas de los usuarios y consumidores. Se\u00f1alan que las personas que atienden las farmacias no son farmac\u00e9uticos, son personas particulares que contrata el due\u00f1o de la farmacia\u201d.<\/p>\n","protected":false},"excerpt":{"rendered":"<p>Confirmado el incremento de las infecciones respiratorias y la demanda de los medicamentos para su tratamiento; el Gobierno anunci\u00f3 controles a los precios de los f\u00e1rmacos, porque llegaron reportes de incrementos en medio de la ola de resfr\u00edos. \u201cHemos estado recibiendo preocupaciones por parte de los consumidores, respecto a que se estar\u00eda elevando el precio [&hellip;]<\/p>\n","protected":false},"author":4,"featured_media":48478,"comment_status":"open","ping_status":"closed","sticky":false,"template":"","format":"standard","meta":{"footnotes":""},"categories":[53],"tags":[],"class_list":{"0":"post-48477","1":"post","2":"type-post","3":"status-publish","4":"format-standard","5":"has-post-thumbnail","7":"category-salud"},"_links":{"self":[{"href":"https:\/\/jms.com.bo\/mediamonitor\/wp-json\/wp\/v2\/posts\/48477","targetHints":{"allow":["GET"]}}],"collection":[{"href":"https:\/\/jms.com.bo\/mediamonitor\/wp-json\/wp\/v2\/posts"}],"about":[{"href":"https:\/\/jms.com.bo\/mediamonitor\/wp-json\/wp\/v2\/types\/post"}],"author":[{"embeddable":true,"href":"https:\/\/jms.com.bo\/mediamonitor\/wp-json\/wp\/v2\/users\/4"}],"replies":[{"embeddable":true,"href":"https:\/\/jms.com.bo\/mediamonitor\/wp-json\/wp\/v2\/comments?post=48477"}],"version-history":[{"count":1,"href":"https:\/\/jms.com.bo\/mediamonitor\/wp-json\/wp\/v2\/posts\/48477\/revisions"}],"predecessor-version":[{"id":48479,"href":"https:\/\/jms.com.bo\/mediamonitor\/wp-json\/wp\/v2\/posts\/48477\/revisions\/48479"}],"wp:featuredmedia":[{"embeddable":true,"href":"https:\/\/jms.com.bo\/mediamonitor\/wp-json\/wp\/v2\/media\/48478"}],"wp:attachment":[{"href":"https:\/\/jms.com.bo\/mediamonitor\/wp-json\/wp\/v2\/media?parent=48477"}],"wp:term":[{"taxonomy":"category","embeddable":true,"href":"https:\/\/jms.com.bo\/mediamonitor\/wp-json\/wp\/v2\/categories?post=48477"},{"taxonomy":"post_tag","embeddable":true,"href":"https:\/\/jms.com.bo\/mediamonitor\/wp-json\/wp\/v2\/tags?post=48477"}],"curies":[{"name":"wp","href":"https:\/\/api.w.org\/{rel}","templated":true}]}}