{"id":48486,"date":"2023-04-21T06:52:05","date_gmt":"2023-04-21T10:52:05","guid":{"rendered":"https:\/\/jms.com.bo\/mediamonitor\/2023\/04\/21\/defensoria-exhorta-al-dialogo-para-resolver-el-conflicto-de-lotes-en-kara-kara\/"},"modified":"2023-04-21T06:52:05","modified_gmt":"2023-04-21T10:52:05","slug":"defensoria-exhorta-al-dialogo-para-resolver-el-conflicto-de-lotes-en-kara-kara","status":"publish","type":"post","link":"https:\/\/jms.com.bo\/mediamonitor\/2023\/04\/21\/defensoria-exhorta-al-dialogo-para-resolver-el-conflicto-de-lotes-en-kara-kara\/","title":{"rendered":"Defensor\u00eda exhorta al di\u00e1logo para resolver el conflicto de lotes en K&#8217;ara K&#8217;ara"},"content":{"rendered":"<p style=\"text-align: justify;\">Tras cumplirse este jueves el cuarto d\u00eda de bloqueo al relleno sanitario de K&#8217;ara K&#8217;ara en el sur de la ciudad de Cochabamba, la Defensor\u00eda del Pueblo exhort\u00f3 a los dirigentes y autoridades al di\u00e1logo.<\/p>\n<p style=\"text-align: justify;\">Asimismo, la instituci\u00f3n inform\u00f3 que se reuni\u00f3 con las personas que llevan a cabo la medida de presi\u00f3n.<\/p>\n<p style=\"text-align: justify;\">\u00bb La instituci\u00f3n defensorial invit\u00f3 a los representantes del sector movilizado a una reuni\u00f3n, para poder escuchar sus preocupaciones, posiciones e intereses y coadyuvar a la soluci\u00f3n pac\u00edfica del conflicto para lograr #consenso y v\u00edas de soluci\u00f3n a sus demandas\u00bb, informa en redes sociales.<\/p>\n<p style=\"text-align: justify;\">El bloqueo fue instalado por comunarios que exigen la anulaci\u00f3n de la Resoluci\u00f3n 096\/2022 del Consejo Universitario de la Universidad Mayor de San Sim\u00f3n (UMSS), ya que denuncian que \u00abapareci\u00f3\u00bb un aumento del 600% al 700%. Sin embargo, la UMSS se ampara en la ley, y explica que se debe respetar un aval\u00fao actualizado que ser\u00eda de entre 13 y 36 d\u00f3lares.<\/p>\n<p style=\"text-align: justify;\">Se prev\u00e9 que reci\u00e9n el 25 de abril la UMSS y los asentados se re\u00fanan con el senador Andr\u00f3nico Rodr\u00edguez para tratar un proyecto de ley.<\/p>\n<p style=\"text-align: justify;\">Hay m\u00e1s de 70 carros basureros de la Empresa Municipal de Servicios de Aseo (EMSA) con residuos s\u00f3lidos varados en la avenida Petrolera, a la altura de la Facultad de Agronom\u00eda de la UMSS, sin poder depositar al relleno.<\/p>\n","protected":false},"excerpt":{"rendered":"<p>Tras cumplirse este jueves el cuarto d\u00eda de bloqueo al relleno sanitario de K&#8217;ara K&#8217;ara en el sur de la ciudad de Cochabamba, la Defensor\u00eda del Pueblo exhort\u00f3 a los dirigentes y autoridades al di\u00e1logo. Asimismo, la instituci\u00f3n inform\u00f3 que se reuni\u00f3 con las personas que llevan a cabo la medida de presi\u00f3n. \u00bb La [&hellip;]<\/p>\n","protected":false},"author":4,"featured_media":48487,"comment_status":"open","ping_status":"closed","sticky":false,"template":"","format":"standard","meta":{"footnotes":""},"categories":[49],"tags":[],"class_list":{"0":"post-48486","1":"post","2":"type-post","3":"status-publish","4":"format-standard","5":"has-post-thumbnail","7":"category-social"},"_links":{"self":[{"href":"https:\/\/jms.com.bo\/mediamonitor\/wp-json\/wp\/v2\/posts\/48486","targetHints":{"allow":["GET"]}}],"collection":[{"href":"https:\/\/jms.com.bo\/mediamonitor\/wp-json\/wp\/v2\/posts"}],"about":[{"href":"https:\/\/jms.com.bo\/mediamonitor\/wp-json\/wp\/v2\/types\/post"}],"author":[{"embeddable":true,"href":"https:\/\/jms.com.bo\/mediamonitor\/wp-json\/wp\/v2\/users\/4"}],"replies":[{"embeddable":true,"href":"https:\/\/jms.com.bo\/mediamonitor\/wp-json\/wp\/v2\/comments?post=48486"}],"version-history":[{"count":0,"href":"https:\/\/jms.com.bo\/mediamonitor\/wp-json\/wp\/v2\/posts\/48486\/revisions"}],"wp:featuredmedia":[{"embeddable":true,"href":"https:\/\/jms.com.bo\/mediamonitor\/wp-json\/wp\/v2\/media\/48487"}],"wp:attachment":[{"href":"https:\/\/jms.com.bo\/mediamonitor\/wp-json\/wp\/v2\/media?parent=48486"}],"wp:term":[{"taxonomy":"category","embeddable":true,"href":"https:\/\/jms.com.bo\/mediamonitor\/wp-json\/wp\/v2\/categories?post=48486"},{"taxonomy":"post_tag","embeddable":true,"href":"https:\/\/jms.com.bo\/mediamonitor\/wp-json\/wp\/v2\/tags?post=48486"}],"curies":[{"name":"wp","href":"https:\/\/api.w.org\/{rel}","templated":true}]}}