{"id":48688,"date":"2023-04-25T07:01:14","date_gmt":"2023-04-25T11:01:14","guid":{"rendered":"https:\/\/jms.com.bo\/mediamonitor\/2023\/04\/25\/semapa-lamenta-que-misicuni-no-asista-a-la-reunion-para-venta-de-agua-al-sur\/"},"modified":"2023-04-25T07:01:14","modified_gmt":"2023-04-25T11:01:14","slug":"semapa-lamenta-que-misicuni-no-asista-a-la-reunion-para-venta-de-agua-al-sur","status":"publish","type":"post","link":"https:\/\/jms.com.bo\/mediamonitor\/2023\/04\/25\/semapa-lamenta-que-misicuni-no-asista-a-la-reunion-para-venta-de-agua-al-sur\/","title":{"rendered":"Semapa lamenta que Misicuni no asista a la reuni\u00f3n para venta de agua al sur"},"content":{"rendered":"<p style=\"text-align: justify;\">El Servicio Municipal de Agua Potable y Alcantarillado Sanitario (Semapa) lamenta que la empresa Misicuni no haya asistido a la reuni\u00f3n de coordinaci\u00f3n para la firma de contrato de venta de agua en bloque para los sistemas de distribuci\u00f3n que se tiene en la zona sur de Cochabamba, seg\u00fan un bolet\u00edn de prensa.<\/p>\n<p style=\"text-align: justify;\">Adem\u00e1s, el gerente general de Semapa, Luis Prudencio, expres\u00f3 su preocupaci\u00f3n por la desinformaci\u00f3n que emana desde la empresa de Misicuni, respecto a la solicitud de agua para los sistemas de la zona sur.<\/p>\n<p style=\"text-align: justify;\">Asimismo, se\u00f1al\u00f3 que los funcionarios de Misicuni no asistieron a la reuni\u00f3n programada para este lunes, es por eso que se envi\u00f3 una nota reiterando la invitaci\u00f3n, al gerente de Misicuni, para una reuni\u00f3n de coordinaci\u00f3n.<\/p>\n<p style=\"text-align: justify;\">\u201cVimos con mucha extra\u00f1eza que Misicuni, en teor\u00eda, este haciendo la reiteraci\u00f3n para que de una vez concretemos la compra de agua para la zona sur. Nos llam\u00f3 la atenci\u00f3n porque el d\u00eda viernes mandamos la nota solicitando una reuni\u00f3n para el d\u00eda de hoy (lunes 24 de abril) para nos reunamos aqu\u00ed en Semapa a las 14:30\u201d, dijo Prudencio.<\/p>\n<p style=\"text-align: justify;\">A\u00f1adi\u00f3: \u201cDe una vez tenemos que empezar a dotar agua a la zona sur. Es un trabajo que tiene que ir de manera conjunta entre Misicuni y Semapa. Esperemos que para las pr\u00f3ximas horas ya podamos tener una respuesta m\u00e1s favorable para los vecinos\u201d.<\/p>\n<p style=\"text-align: justify;\">Semapa envi\u00f3 una misiva al gerente de Misicuni, Rosendo R\u00edos, con la finalidad de coordinar aspectos necesarios para la firma de contrato de venta de agua en bloque para los sistemas Pol\u00edgono \u201cB\u201d y Arrumani, en el distrito 15 de Cochabamba.<\/p>\n<p style=\"text-align: justify;\">\n","protected":false},"excerpt":{"rendered":"<p>El Servicio Municipal de Agua Potable y Alcantarillado Sanitario (Semapa) lamenta que la empresa Misicuni no haya asistido a la reuni\u00f3n de coordinaci\u00f3n para la firma de contrato de venta de agua en bloque para los sistemas de distribuci\u00f3n que se tiene en la zona sur de Cochabamba, seg\u00fan un bolet\u00edn de prensa. Adem\u00e1s, el [&hellip;]<\/p>\n","protected":false},"author":4,"featured_media":48689,"comment_status":"open","ping_status":"closed","sticky":false,"template":"","format":"standard","meta":{"footnotes":""},"categories":[20],"tags":[],"class_list":{"0":"post-48688","1":"post","2":"type-post","3":"status-publish","4":"format-standard","5":"has-post-thumbnail","7":"category-actualidad"},"_links":{"self":[{"href":"https:\/\/jms.com.bo\/mediamonitor\/wp-json\/wp\/v2\/posts\/48688","targetHints":{"allow":["GET"]}}],"collection":[{"href":"https:\/\/jms.com.bo\/mediamonitor\/wp-json\/wp\/v2\/posts"}],"about":[{"href":"https:\/\/jms.com.bo\/mediamonitor\/wp-json\/wp\/v2\/types\/post"}],"author":[{"embeddable":true,"href":"https:\/\/jms.com.bo\/mediamonitor\/wp-json\/wp\/v2\/users\/4"}],"replies":[{"embeddable":true,"href":"https:\/\/jms.com.bo\/mediamonitor\/wp-json\/wp\/v2\/comments?post=48688"}],"version-history":[{"count":0,"href":"https:\/\/jms.com.bo\/mediamonitor\/wp-json\/wp\/v2\/posts\/48688\/revisions"}],"wp:featuredmedia":[{"embeddable":true,"href":"https:\/\/jms.com.bo\/mediamonitor\/wp-json\/wp\/v2\/media\/48689"}],"wp:attachment":[{"href":"https:\/\/jms.com.bo\/mediamonitor\/wp-json\/wp\/v2\/media?parent=48688"}],"wp:term":[{"taxonomy":"category","embeddable":true,"href":"https:\/\/jms.com.bo\/mediamonitor\/wp-json\/wp\/v2\/categories?post=48688"},{"taxonomy":"post_tag","embeddable":true,"href":"https:\/\/jms.com.bo\/mediamonitor\/wp-json\/wp\/v2\/tags?post=48688"}],"curies":[{"name":"wp","href":"https:\/\/api.w.org\/{rel}","templated":true}]}}