{"id":48694,"date":"2023-04-25T07:06:02","date_gmt":"2023-04-25T11:06:02","guid":{"rendered":"https:\/\/jms.com.bo\/mediamonitor\/2023\/04\/25\/a-dos-dias-de-que-se-cumplan-4-meses-de-la-detencion-preventiva-de-camacho-buscan-ampliarla-la-audiencia-esta-fijada-para-el-miercoles-26\/"},"modified":"2023-04-25T07:06:02","modified_gmt":"2023-04-25T11:06:02","slug":"a-dos-dias-de-que-se-cumplan-4-meses-de-la-detencion-preventiva-de-camacho-buscan-ampliarla-la-audiencia-esta-fijada-para-el-miercoles-26","status":"publish","type":"post","link":"https:\/\/jms.com.bo\/mediamonitor\/2023\/04\/25\/a-dos-dias-de-que-se-cumplan-4-meses-de-la-detencion-preventiva-de-camacho-buscan-ampliarla-la-audiencia-esta-fijada-para-el-miercoles-26\/","title":{"rendered":"A dos d\u00edas de que se cumplan 4 meses de la detenci\u00f3n preventiva de Camacho, buscan ampliarla; la audiencia est\u00e1 fijada para el mi\u00e9rcoles 26"},"content":{"rendered":"<p style=\"text-align: justify;\">Para este viernes 26 de abril, a las 14:00, est\u00e1 fijada la audiencia virtual de ampliaci\u00f3n a la detenci\u00f3n preventiva en contra del gobernador cruce\u00f1o, Luis Fernando Camacho, y del excomandante de la Fuerza A\u00e9rea, Jorge Terceros.<\/p>\n<p style=\"text-align: justify;\">Jorge Nina, abogado patrocinante de Lidia Patty, se\u00f1al\u00f3 que pedir\u00e1n que esa ampliaci\u00f3n sea de cuatro meses para cada uno de los aprehendidos, \u201ca la luz de las pruebas que han arrojado las transferencias bancarias que hubieran sucedido entre estas dos personas, con una finalidad de deponer y subvertir el orden\u201d.<\/p>\n<p style=\"text-align: justify;\">Nina se\u00f1al\u00f3 que se ampl\u00edan tambi\u00e9n otros cinco delitos.<\/p>\n<p style=\"text-align: justify;\">\u201cLos delitos son: seducci\u00f3n de tropas, instigaci\u00f3n p\u00fablica a delinquir, uso indebido de bienes y servicios p\u00fablicos; cohecho activo, y asociaci\u00f3n delictuosa; estos nuevos delitos el Ministerio P\u00fablico est\u00e1 ampliando y, seguramente en audiencia, se va a sustentar, se va a fundamentar con las pruebas existentes\u201d, expres\u00f3.<\/p>\n<p style=\"text-align: justify;\">A decir de Nina, Terceros, un general de la Fuerza A\u00e9rea, supuestamente recibi\u00f3 dinero de personas particulares, lo que, presuntamente, demuestra \u201cel comportamiento reticente en no permitir el fuero del expresidente Evo Morales\u201d. El abogado indic\u00f3 que se determinar\u00e1 la complicidad que pueda existir entre otros jefes militares.<\/p>\n<p style=\"text-align: justify;\">Citan a Camacho a audiencia de ampliaci\u00f3n de detenci\u00f3n preventiva<\/p>\n<p style=\"text-align: justify;\">Christopher Balc\u00e1zar, abogado defensor de Camacho, manifest\u00f3 que son seis los delitos que pretenden ampliar a Camacho; el abogado a\u00f1adi\u00f3 el delito de financiamiento al terrorismo, a la lista indicada por Nina.<\/p>\n<p style=\"text-align: justify;\">\u201cA nosotros nos llama mucho la atenci\u00f3n que se haga una ampliaci\u00f3n de imputaci\u00f3n formal en contra de dos personas, porque se ha ampliado la imputaci\u00f3n formal en contra de Gonzalo Terceros que era, creo, un comandante de la Fuerza A\u00e9rea, si no me equivoco; pero a \u00e9l no se pide ning\u00fan tipo de medida cautelar y s\u00ed al gobernador\u201d, indic\u00f3 Balc\u00e1zar, desde La Paz, a DTV.<\/p>\n<p style=\"text-align: justify;\">El jurista se\u00f1al\u00f3 que este viernes se cumplir\u00e1n los cuatro meses de detenci\u00f3n preventiva de Camacho por lo que, en los \u00faltimos d\u00edas, \u201cha estado siendo objeto de m\u00faltiples imputaciones en otro tipo de procesos, como en la ciudad de Santa Cruz, por el caso decretazo y el caso del carro bombero\u201d.<\/p>\n<p style=\"text-align: justify;\">Camacho se encuentra detenido en la c\u00e1rcel de Chonchocoro (La Paz), desde el 28 de diciembre pasado.<\/p>\n","protected":false},"excerpt":{"rendered":"<p>Para este viernes 26 de abril, a las 14:00, est\u00e1 fijada la audiencia virtual de ampliaci\u00f3n a la detenci\u00f3n preventiva en contra del gobernador cruce\u00f1o, Luis Fernando Camacho, y del excomandante de la Fuerza A\u00e9rea, Jorge Terceros. Jorge Nina, abogado patrocinante de Lidia Patty, se\u00f1al\u00f3 que pedir\u00e1n que esa ampliaci\u00f3n sea de cuatro meses para [&hellip;]<\/p>\n","protected":false},"author":4,"featured_media":48695,"comment_status":"open","ping_status":"closed","sticky":false,"template":"","format":"standard","meta":{"footnotes":""},"categories":[18],"tags":[],"class_list":{"0":"post-48694","1":"post","2":"type-post","3":"status-publish","4":"format-standard","5":"has-post-thumbnail","7":"category-politica"},"_links":{"self":[{"href":"https:\/\/jms.com.bo\/mediamonitor\/wp-json\/wp\/v2\/posts\/48694","targetHints":{"allow":["GET"]}}],"collection":[{"href":"https:\/\/jms.com.bo\/mediamonitor\/wp-json\/wp\/v2\/posts"}],"about":[{"href":"https:\/\/jms.com.bo\/mediamonitor\/wp-json\/wp\/v2\/types\/post"}],"author":[{"embeddable":true,"href":"https:\/\/jms.com.bo\/mediamonitor\/wp-json\/wp\/v2\/users\/4"}],"replies":[{"embeddable":true,"href":"https:\/\/jms.com.bo\/mediamonitor\/wp-json\/wp\/v2\/comments?post=48694"}],"version-history":[{"count":0,"href":"https:\/\/jms.com.bo\/mediamonitor\/wp-json\/wp\/v2\/posts\/48694\/revisions"}],"wp:featuredmedia":[{"embeddable":true,"href":"https:\/\/jms.com.bo\/mediamonitor\/wp-json\/wp\/v2\/media\/48695"}],"wp:attachment":[{"href":"https:\/\/jms.com.bo\/mediamonitor\/wp-json\/wp\/v2\/media?parent=48694"}],"wp:term":[{"taxonomy":"category","embeddable":true,"href":"https:\/\/jms.com.bo\/mediamonitor\/wp-json\/wp\/v2\/categories?post=48694"},{"taxonomy":"post_tag","embeddable":true,"href":"https:\/\/jms.com.bo\/mediamonitor\/wp-json\/wp\/v2\/tags?post=48694"}],"curies":[{"name":"wp","href":"https:\/\/api.w.org\/{rel}","templated":true}]}}