{"id":48698,"date":"2023-04-25T07:09:15","date_gmt":"2023-04-25T11:09:15","guid":{"rendered":"https:\/\/jms.com.bo\/mediamonitor\/2023\/04\/25\/la-fiscalia-de-peru-indaga-un-plan-separatista-y-evo-siente-una-amenaza-de-extradicion\/"},"modified":"2023-04-25T07:09:15","modified_gmt":"2023-04-25T11:09:15","slug":"la-fiscalia-de-peru-indaga-un-plan-separatista-y-evo-siente-una-amenaza-de-extradicion","status":"publish","type":"post","link":"https:\/\/jms.com.bo\/mediamonitor\/2023\/04\/25\/la-fiscalia-de-peru-indaga-un-plan-separatista-y-evo-siente-una-amenaza-de-extradicion\/","title":{"rendered":"La Fiscal\u00eda de Per\u00fa indaga un plan separatista y Evo siente una amenaza de extradici\u00f3n"},"content":{"rendered":"<p style=\"text-align: justify;\">La Fiscal\u00eda de Per\u00fa investiga la existencia de un \u201cplan separatista\u201d en Puno, el departamento que limita con una extensa zona altipl\u00e1nica de Bolivia. El expresidente Evo Morales fue vinculado en este caso y debe presentar sus descargos en una audiencia indagatoria virtual prevista para el 10 de mayo.<\/p>\n<p style=\"text-align: justify;\">En realidad, se trata de la segunda convocatoria puesto que no se present\u00f3 a la primera audiencia que hab\u00eda sido fijada para el 7 de marzo. El Ministerio P\u00fablico del vecino pa\u00eds present\u00f3 cargos de \u201catentados contra la seguridad nacional y usurpaci\u00f3n de la funci\u00f3n p\u00fablicas\u201d contra Morales. Estos delitos est\u00e1n relacionados con la crisis social y pol\u00edtica que estall\u00f3 en Per\u00fa entre diciembre y enero luego de la destituci\u00f3n de Pedro Castillo de la Presidencia.<\/p>\n<p style=\"text-align: justify;\">El exmandatario fue uno de los aliados de Evo para llevar adelante \u201cel proyecto de integraci\u00f3n Runasur\u201d, que ahora est\u00e1 en el punto de mira de las autoridades peruanas, porque pudo vulnerar el principio de \u201cla unidad territorial\u201d.<\/p>\n<p style=\"text-align: justify;\">\u201cLas citaciones y amenazas de extradici\u00f3n, promovidas por la derecha peruana y boliviana, son parte de la persecuci\u00f3n para que no denunciemos la masacre de nuestros hermanos ind\u00edgenas de Per\u00fa. Nos preocupar\u00eda que un gobierno ileg\u00edtimo, que caus\u00f3 tantas muertes, hable bien de nosotros\u201d, afirm\u00f3 el jefe del MAS a tiempo de referirse a la crisis del Per\u00fa.<\/p>\n<p style=\"text-align: justify;\">Castillo fue destituido poco despu\u00e9s de instruir el cierre del Congreso para activar el debate de una Asamblea Constituyente, una de las propuestas que fue abiertamente alentada por Evo Morales y sus aliados en Per\u00fa.<\/p>\n<p style=\"text-align: justify;\">Dina Boluarte asumi\u00f3, entonces la presidencia peruana, pero en momentos de una fuerte movilizaci\u00f3n que tuvo como epicentro Puno, Cusco y Arequipa. Hubo tomas de aeropuertos y bloqueo de caminos en las v\u00edas del sur peruano. Por este conflicto, el puesto fronterizo que une a Bolivia y Per\u00fa en Desaguadero estuvo cerrado algo m\u00e1s de tres meses con un fuerte impacto en las exportaciones del pa\u00eds. En el contexto de estas protestas, 61 personas murieron en Per\u00fa.<\/p>\n<p style=\"text-align: justify;\">Junto con Morales est\u00e1n siendo procesados dirigentes del partido de la alianza de izquierdas que respald\u00f3 la f\u00f3rmula de Castillo. Ellos son Vladimir Cerr\u00f3n, adem\u00e1s del gobernador de Puno, Germ\u00e1n Alejo Apaza. Eso s\u00ed, sobre estos ciudadanos pesa, adem\u00e1s, el delito de \u201ctraici\u00f3n a la patria\u201d, seg\u00fan la c\u00e9dula de notificaci\u00f3n emitida para Evo Morales el 23 de abril por la Segunda Fiscal\u00eda Provincial Penal Corporativa de Puno. Este cargo fue \u201cdesacumulado\u201d del pliego que pesa en contra del expresidente boliviano.<\/p>\n<p style=\"text-align: justify;\">El abogado constitucionalista Israel Quino explic\u00f3 que Morales puede ser procesado en el vecino pa\u00eds sin que medie una condici\u00f3n de privilegio, pero sobre la base del cumplimiento de varios protocolos legales. \u201cEn este caso opera el principio de territorialidad de la norma penal y esto significa que el C\u00f3digo Penal de cada pa\u00eds rige para estantes y habitantes, fueran nacionales o extranjeros\u201d, se\u00f1al\u00f3.<\/p>\n<p style=\"text-align: justify;\">El profesional se\u00f1al\u00f3 que pueden existir dos v\u00edas. La primera a trav\u00e9s de la v\u00eda diplom\u00e1tica que implica la emisi\u00f3n de exhortos entre las canciller\u00edas. La otra opci\u00f3n, que es menos burocr\u00e1tica, se activa cuando existe un agente o un abogado que representa al encausado en el exterior.<\/p>\n<p style=\"text-align: justify;\">La Fiscal\u00eda del Per\u00fa comenz\u00f3 la investigaci\u00f3n de este \u201cplan separatista\u201d en enero, tras la decisi\u00f3n de la Superintendencia Nacional de Migraciones de prohibirle el ingreso a ese territorio. Fue entonces que el expresidente opt\u00f3 por contratar un abogado para que lo defienda ante este caso, Ra\u00fal Noblecilla, quien fue viceministro durante el gobierno de Castillo.<\/p>\n<p style=\"text-align: justify;\">Adem\u00e1s, el Congreso de la naci\u00f3n vecina le declar\u00f3 persona no grata, un aspecto que ayer fue recordado por el exmandatario, quien reclam\u00f3 por \u201cel silencio c\u00f3mplice\u201d del gobierno de Arce frente al proceso penal que enfrenta. Si la Justicia del vecino pa\u00eds corrobora los extremos por los que se le acusa actualmente, puede ser condenado hasta un m\u00e1ximo de 15 a\u00f1os de c\u00e1rcel.<\/p>\n<p style=\"text-align: justify;\">\u201cPrimero acompa\u00f1aron con un silencio c\u00f3mplice la declaraci\u00f3n de \u2018persona no grata\u2019 en Per\u00fa; luego el Ministro de Justicia (Iv\u00e1n Lima) garantiz\u00f3 a golpistas nuestra defenestraci\u00f3n con un juicio internacional. Denunciamos una nueva arremetida de la derecha interna contra nuestra integridad\u201d, protest\u00f3 el pol\u00edtico a trav\u00e9s de un mensaje emitido desde su cuenta en Twitter (@evoespueblo).<\/p>\n<p style=\"text-align: justify;\">Las apariciones p\u00fablicas del expresidente se han reducido casi al 100% durante el \u00faltimo mes. Morales afirm\u00f3 que estaba delicado de salud y que se estaba recuperando de una infecci\u00f3n urinaria. Incluso, su participaci\u00f3n en su programa semanal por Kawsachun Coca se hizo a distancia. Revel\u00f3, incluso, que recibi\u00f3 el apoyo del gobierno de Venezuela a cargo de Nicol\u00e1s Maduro.<\/p>\n<p style=\"text-align: justify;\">El abogado peruano Andy Carri\u00f3n explic\u00f3 que si Morales no asiste a esta segunda citaci\u00f3n \u201csu situaci\u00f3n se complicar\u00e1\u201d porque la Fiscal\u00eda puede solicitar su detenci\u00f3n preventiva con fines de extradici\u00f3n. Ante ello, Noblecilla arguy\u00f3 que su defendido enfrenta una persecuci\u00f3n pol\u00edtica\u201d y no pudo confirmar la asistencia de Evo a la audiencia virtual de mayo.<\/p>\n<p style=\"text-align: justify;\">Quino consider\u00f3 que los delitos por los cuales est\u00e1 acusado Morales tienen que ser demostrados. \u201cEl C\u00f3digo Penal del Per\u00fa es mucho m\u00e1s preciso y cuando se habla de \u2018atentado\u2019, este extremo debe quedar demostrado en apego a ley. \u201c\u00bfUso armas, qu\u00e9 destruy\u00f3, en qu\u00e9 consiste ese atentado\u201d, manifest\u00f3 el jurista, quien no cree posible que se llegue a la extradici\u00f3n de la exautoridad.<\/p>\n<p style=\"text-align: justify;\">En cuanto al reclamo \u201cde silencio\u201d, el jurista precis\u00f3 que las autoridades s\u00f3lo emiten pronunciamientos precisos en caso de personeros que est\u00e9n en ejercicio del cargo o mandato. \u201cLo que debe hacer la Canciller\u00eda es velar que se cumpla el debido proceso como pasa con cualquier otro ciudadano boliviano que tenga problemas legales en otras latitudes.<\/p>\n<p style=\"text-align: justify;\">El historiador y periodista Robert Brockmann record\u00f3 ayer que no existen casos tan parecidos como el que ahora enfrenta Morales. Se\u00f1al\u00f3, por ejemplo, la detenci\u00f3n en Londres del exdictador chileno Augusto Pinochet (1998) como \u201cun caso emblem\u00e1tico\u201d de aplicaci\u00f3n de la justicia extraterritorial. El militar fue juzgado por graves violaciones a los derechos humanos durante el ejercicio del poder.<\/p>\n<p style=\"text-align: justify;\">Tambi\u00e9n est\u00e1 el apresamiento del exdictador Luis Garc\u00eda Meza en Brasil; eso sucedi\u00f3 en 1995, \u201cpero para eso \u00e9l ya estaba sentenciado\u201d, se\u00f1al\u00f3 el historiador.<\/p>\n<p style=\"text-align: justify;\">\u201cEn Europa est\u00e1 la detenci\u00f3n del expresidente de Serbia Slobodan Milo\u0161evic, por cr\u00edmenes de guerra\u201d, apunt\u00f3 Brockman al referirse a otros casos que guarden relaci\u00f3n con expresidentes. El caso de Morales es in\u00e9dito porque, a diferencia de los datos anteriores, no tiene que ver con violaci\u00f3n de derechos humanos, donde s\u00ed se aplica la extraterritorialidad en base a una abultada jurisprudencia internacional.<\/p>\n<p style=\"text-align: justify;\">\n","protected":false},"excerpt":{"rendered":"<p>La Fiscal\u00eda de Per\u00fa investiga la existencia de un \u201cplan separatista\u201d en Puno, el departamento que limita con una extensa zona altipl\u00e1nica de Bolivia. El expresidente Evo Morales fue vinculado en este caso y debe presentar sus descargos en una audiencia indagatoria virtual prevista para el 10 de mayo. En realidad, se trata de la [&hellip;]<\/p>\n","protected":false},"author":4,"featured_media":48699,"comment_status":"open","ping_status":"closed","sticky":false,"template":"","format":"standard","meta":{"footnotes":""},"categories":[18],"tags":[],"class_list":{"0":"post-48698","1":"post","2":"type-post","3":"status-publish","4":"format-standard","5":"has-post-thumbnail","7":"category-politica"},"_links":{"self":[{"href":"https:\/\/jms.com.bo\/mediamonitor\/wp-json\/wp\/v2\/posts\/48698","targetHints":{"allow":["GET"]}}],"collection":[{"href":"https:\/\/jms.com.bo\/mediamonitor\/wp-json\/wp\/v2\/posts"}],"about":[{"href":"https:\/\/jms.com.bo\/mediamonitor\/wp-json\/wp\/v2\/types\/post"}],"author":[{"embeddable":true,"href":"https:\/\/jms.com.bo\/mediamonitor\/wp-json\/wp\/v2\/users\/4"}],"replies":[{"embeddable":true,"href":"https:\/\/jms.com.bo\/mediamonitor\/wp-json\/wp\/v2\/comments?post=48698"}],"version-history":[{"count":0,"href":"https:\/\/jms.com.bo\/mediamonitor\/wp-json\/wp\/v2\/posts\/48698\/revisions"}],"wp:featuredmedia":[{"embeddable":true,"href":"https:\/\/jms.com.bo\/mediamonitor\/wp-json\/wp\/v2\/media\/48699"}],"wp:attachment":[{"href":"https:\/\/jms.com.bo\/mediamonitor\/wp-json\/wp\/v2\/media?parent=48698"}],"wp:term":[{"taxonomy":"category","embeddable":true,"href":"https:\/\/jms.com.bo\/mediamonitor\/wp-json\/wp\/v2\/categories?post=48698"},{"taxonomy":"post_tag","embeddable":true,"href":"https:\/\/jms.com.bo\/mediamonitor\/wp-json\/wp\/v2\/tags?post=48698"}],"curies":[{"name":"wp","href":"https:\/\/api.w.org\/{rel}","templated":true}]}}