{"id":48976,"date":"2023-04-28T05:55:26","date_gmt":"2023-04-28T09:55:26","guid":{"rendered":"https:\/\/jms.com.bo\/mediamonitor\/2023\/04\/28\/oit-advierte-en-bolivia-la-incidencia-de-muertes-relacionadas-al-trabajo-es-la-mas-alta-de-las-americas\/"},"modified":"2023-04-28T05:55:26","modified_gmt":"2023-04-28T09:55:26","slug":"oit-advierte-en-bolivia-la-incidencia-de-muertes-relacionadas-al-trabajo-es-la-mas-alta-de-las-americas","status":"publish","type":"post","link":"https:\/\/jms.com.bo\/mediamonitor\/2023\/04\/28\/oit-advierte-en-bolivia-la-incidencia-de-muertes-relacionadas-al-trabajo-es-la-mas-alta-de-las-americas\/","title":{"rendered":"OIT advierte: en Bolivia la incidencia de muertes relacionadas al trabajo es la m\u00e1s alta de las Am\u00e9ricas"},"content":{"rendered":"<p style=\"text-align: justify;\">La Organizaci\u00f3n Internacional del Trabajo (OIT) a trav\u00e9s de su director para los Pa\u00edses Andinos, Italo Cardona, afirm\u00f3 que la incidencia de muertes relacionadas con el trabajo en Bolivia, es m\u00e1s alta que la registrada en las Am\u00e9ricas, equivalente a 24.9 muertes por cada 100 mil habitantes mayores de 15 a\u00f1os, versus una media de 22.3 en la regi\u00f3n.<\/p>\n<p style=\"text-align: justify;\">\u201cEn Bolivia, hacer realidad este derecho para todas las personas trabajadoras resulta todav\u00eda un desaf\u00edo importante. \u201cLa incidencia de muertes relacionadas con el trabajo es m\u00e1s alta que la registrada en las Am\u00e9ricas, de 24.9 muertes por cada 100 mil habitantes mayores de 15 a\u00f1os versus 22.3 en la regi\u00f3n, y preocupa que todav\u00eda miles de personas mueren cada a\u00f1o, si analizamos al menos 19 factores de riesgo ocupacional\u201d, afirm\u00f3.<\/p>\n<p style=\"text-align: justify;\">Se\u00f1al\u00f3 que hay un total de 2.9 millones de personas que mueren anualmente debido a accidentes o enfermedades relacionadas con el trabajo, seg\u00fan las \u00faltimas estimaciones de la Comisi\u00f3n Internacional de Salud Ocupacional.<\/p>\n<p style=\"text-align: justify;\">Al referirse a Bolivia se\u00f1al\u00f3 que la cifra podr\u00eda ser mucho m\u00e1s alta si consideramos, adem\u00e1s, que el pa\u00eds tiene una alt\u00edsima proporci\u00f3n de trabajo informal, con serios d\u00e9ficits en la calidad del empleo y en la protecci\u00f3n de las y los trabajadores.<\/p>\n<p style=\"text-align: justify;\">\u201cSeg\u00fan los datos del \u00faltimo informe de la OIT: Panorama Laboral 2022 en Am\u00e9rica Latina y el Caribe, la tasa de informalidad en Bolivia lleg\u00f3 al 80% en el 2022, es decir casi 8 de cada 10 personas trabaja en esa condici\u00f3n\u201d, sostuvo.<\/p>\n<p style=\"text-align: justify;\">Sin seguro de salud para atenderse ante una enfermedad o accidente, sin horarios de trabajo, sin la posibilidad de exigir implementos de seguridad a sus empleadores, con el estr\u00e9s diario de trabajar por ingresos extremadamente bajos y con contratos inestables, las y los trabajadores informales de Bolivia dijo, que son quienes m\u00e1s necesitan que el Estado implemente las acciones que OIT recomienda para garantizar ambientes de trabajo seguros y saludables.<\/p>\n<p style=\"text-align: justify;\">\u201cAl elevar la seguridad y salud en el trabajo a nivel de principio y derecho fundamental, Bolivia, como pa\u00eds miembro de OIT, debiera dar pasos urgentes para ratificar el Convenio 155 sobre seguridad y salud de los trabajadores (1981) y el Convenio 187 sobre el marco promocional para la seguridad y salud en el trabajo de 2006\u201d, mencion\u00f3.<\/p>\n<p style=\"text-align: justify;\">Cardona record\u00f3 que estos dos convenios ofrecen una gu\u00eda clara a los pa\u00edses para poner en marcha, a trav\u00e9s del di\u00e1logo social tripartito, pol\u00edticas, sistemas y programas de seguridad y salud en el trabajo, con medidas concretas de pol\u00edtica p\u00fablica y dentro de las propias empresas; con responsabilidades, deberes y derechos bien definidos; y con acciones destinadas a promover una cultura de prevenci\u00f3n a nivel nacional.<\/p>\n<p style=\"text-align: justify;\">\u201cAnte esta situaci\u00f3n, en junio de 2022, gobiernos, empleadores y trabajadores de los Estados miembros de la OIT, reunidos en la 110 Conferencia Internacional del Trabajo, tomaron una decisi\u00f3n hist\u00f3rica: que un entorno de trabajo seguro y saludable sea considerado un derecho fundamental en el trabajo\u201d, afirm\u00f3.<\/p>\n<p style=\"text-align: justify;\">En ese marco dijo que los actores del mundo del trabajo se comprometieron, como responsabilidad compartida y fundamental, a garantizar que cuando las personas vayan a su trabajo, est\u00e9n libres de violencia y acoso, y regresen a su hogar vivas, sanas y sin lesiones f\u00edsicas o psicol\u00f3gicas.<\/p>\n<p style=\"text-align: justify;\">\u201cDe acuerdo con ambos Convenios, Bolivia y todos los pa\u00edses de la regi\u00f3n deber\u00e1n considerar, en sus planes y pol\u00edticas de seguridad y salud en el trabajo (SST), no solo los riesgos ya conocidos, sino tambi\u00e9n aquellos que puedan generarse como consecuencia de los cambios en la manera en que trabajamos, de los procesos productivos y de los materiales que se utilizan en esos procesos\u201d, dijo.<\/p>\n<p style=\"text-align: justify;\">La aplicaci\u00f3n de las SST dijo que suponen mayores esfuerzos por parte de los pa\u00edses para anticipar los riesgos emergentes -incluyendo los psicosociales-, la adopci\u00f3n de un enfoque m\u00e1s multidisciplinario de la seguridad y salud en el trabajo, y el establecimiento de v\u00ednculos m\u00e1s fuertes con la salud p\u00fablica, entre otras medidas.<\/p>\n<p style=\"text-align: justify;\">La OIT ha hecho un compromiso por fortalecer su asistencia t\u00e9cnica a los actores del mundo del trabajo para avanzar en la ratificaci\u00f3n y aplicaci\u00f3n plena de estos instrumentos internacionales para hacer realidad el derecho de todas las personas a un entorno de trabajo seguro y saludable.<\/p>\n","protected":false},"excerpt":{"rendered":"<p>La Organizaci\u00f3n Internacional del Trabajo (OIT) a trav\u00e9s de su director para los Pa\u00edses Andinos, Italo Cardona, afirm\u00f3 que la incidencia de muertes relacionadas con el trabajo en Bolivia, es m\u00e1s alta que la registrada en las Am\u00e9ricas, equivalente a 24.9 muertes por cada 100 mil habitantes mayores de 15 a\u00f1os, versus una media de [&hellip;]<\/p>\n","protected":false},"author":4,"featured_media":48977,"comment_status":"open","ping_status":"closed","sticky":false,"template":"","format":"standard","meta":{"footnotes":""},"categories":[20,47,48],"tags":[],"class_list":{"0":"post-48976","1":"post","2":"type-post","3":"status-publish","4":"format-standard","5":"has-post-thumbnail","7":"category-actualidad","8":"category-portada-actualidad","9":"category-portada-general-sitio"},"_links":{"self":[{"href":"https:\/\/jms.com.bo\/mediamonitor\/wp-json\/wp\/v2\/posts\/48976","targetHints":{"allow":["GET"]}}],"collection":[{"href":"https:\/\/jms.com.bo\/mediamonitor\/wp-json\/wp\/v2\/posts"}],"about":[{"href":"https:\/\/jms.com.bo\/mediamonitor\/wp-json\/wp\/v2\/types\/post"}],"author":[{"embeddable":true,"href":"https:\/\/jms.com.bo\/mediamonitor\/wp-json\/wp\/v2\/users\/4"}],"replies":[{"embeddable":true,"href":"https:\/\/jms.com.bo\/mediamonitor\/wp-json\/wp\/v2\/comments?post=48976"}],"version-history":[{"count":0,"href":"https:\/\/jms.com.bo\/mediamonitor\/wp-json\/wp\/v2\/posts\/48976\/revisions"}],"wp:featuredmedia":[{"embeddable":true,"href":"https:\/\/jms.com.bo\/mediamonitor\/wp-json\/wp\/v2\/media\/48977"}],"wp:attachment":[{"href":"https:\/\/jms.com.bo\/mediamonitor\/wp-json\/wp\/v2\/media?parent=48976"}],"wp:term":[{"taxonomy":"category","embeddable":true,"href":"https:\/\/jms.com.bo\/mediamonitor\/wp-json\/wp\/v2\/categories?post=48976"},{"taxonomy":"post_tag","embeddable":true,"href":"https:\/\/jms.com.bo\/mediamonitor\/wp-json\/wp\/v2\/tags?post=48976"}],"curies":[{"name":"wp","href":"https:\/\/api.w.org\/{rel}","templated":true}]}}