{"id":48978,"date":"2023-04-28T05:57:05","date_gmt":"2023-04-28T09:57:05","guid":{"rendered":"https:\/\/jms.com.bo\/mediamonitor\/2023\/04\/28\/rodriguez-dice-que-la-bancada-del-mas-en-el-senado-esta-de-acuerdo-con-la-ley-del-oro\/"},"modified":"2023-04-28T05:57:05","modified_gmt":"2023-04-28T09:57:05","slug":"rodriguez-dice-que-la-bancada-del-mas-en-el-senado-esta-de-acuerdo-con-la-ley-del-oro","status":"publish","type":"post","link":"https:\/\/jms.com.bo\/mediamonitor\/2023\/04\/28\/rodriguez-dice-que-la-bancada-del-mas-en-el-senado-esta-de-acuerdo-con-la-ley-del-oro\/","title":{"rendered":"Rodr\u00edguez dice que la bancada del MAS en el Senado est\u00e1 de acuerdo con la Ley del Oro"},"content":{"rendered":"<p style=\"text-align: justify;\">El presidente del Senado, Andr\u00f3nico Rodr\u00edguez, afirm\u00f3 este jueves que la bancada del MAS en la C\u00e1mara Alta est\u00e1 de acuerdo con la Ley del Oro y que se prev\u00e9 sancionar la norma la siguiente semana para su posterior promulgaci\u00f3n.<\/p>\n<p style=\"text-align: justify;\">La Ley del Oro ingres\u00f3 al Senado el mi\u00e9rcoles 26 de abril. Una senadora del MAS pidi\u00f3 que se dispense el tr\u00e1mite para acelerar el tratamiento de la norma, pero la moci\u00f3n no obtuvo mayor\u00eda ante el rechazo de opositores y el abandono de parlamentarios \u00abevistas\u00bb.<\/p>\n<p style=\"text-align: justify;\">Rodr\u00edguez estim\u00f3 que entre mi\u00e9rcoles y jueves de la semana siguiente se sancione el proyecto de ley, al cual calific\u00f3 de \u00abmuy importante sin duda para todos los bolivianos y bolivianas\u00bb.<\/p>\n<p style=\"text-align: justify;\">\u00abEn la bancada del MAS por lo menos todos est\u00e1n de acuerdo y coinciden en que se debe aprobar este proyecto de ley, para que pueda de alguna otra forma fortalecer nuestras reservas internacionales, porque Bolivia finalmente no es la excepci\u00f3n de los efectos globales la crisis mundial\u00bb, afirm\u00f3.<\/p>\n<p style=\"text-align: justify;\">La aprobaci\u00f3n de la Ley del Oro hab\u00eda entrado en duda, debido a que diputados \u00abevistas\u00bb se opusieron a la norma, al considerar que arriesga las reservas en metal que tiene el pa\u00eds.<\/p>\n<p style=\"text-align: justify;\">En el caso del Senado, Rodr\u00edguez recalc\u00f3 que, hasta donde tiene entendido, todos los miembros de la bancada del MAS est\u00e1n de acuerdo con la norma.<\/p>\n<p style=\"text-align: justify;\">Dicha ley ha generado pol\u00e9mica debido a que, adem\u00e1s de permitir al Banco Central la compra directa del metal, le habilita a realizar transacciones con las reservas de oro para monet\u00edzarlas en procura de liquidez.<\/p>\n","protected":false},"excerpt":{"rendered":"<p>El presidente del Senado, Andr\u00f3nico Rodr\u00edguez, afirm\u00f3 este jueves que la bancada del MAS en la C\u00e1mara Alta est\u00e1 de acuerdo con la Ley del Oro y que se prev\u00e9 sancionar la norma la siguiente semana para su posterior promulgaci\u00f3n. La Ley del Oro ingres\u00f3 al Senado el mi\u00e9rcoles 26 de abril. Una senadora del [&hellip;]<\/p>\n","protected":false},"author":4,"featured_media":48979,"comment_status":"open","ping_status":"closed","sticky":false,"template":"","format":"standard","meta":{"footnotes":""},"categories":[18],"tags":[],"class_list":{"0":"post-48978","1":"post","2":"type-post","3":"status-publish","4":"format-standard","5":"has-post-thumbnail","7":"category-politica"},"_links":{"self":[{"href":"https:\/\/jms.com.bo\/mediamonitor\/wp-json\/wp\/v2\/posts\/48978","targetHints":{"allow":["GET"]}}],"collection":[{"href":"https:\/\/jms.com.bo\/mediamonitor\/wp-json\/wp\/v2\/posts"}],"about":[{"href":"https:\/\/jms.com.bo\/mediamonitor\/wp-json\/wp\/v2\/types\/post"}],"author":[{"embeddable":true,"href":"https:\/\/jms.com.bo\/mediamonitor\/wp-json\/wp\/v2\/users\/4"}],"replies":[{"embeddable":true,"href":"https:\/\/jms.com.bo\/mediamonitor\/wp-json\/wp\/v2\/comments?post=48978"}],"version-history":[{"count":0,"href":"https:\/\/jms.com.bo\/mediamonitor\/wp-json\/wp\/v2\/posts\/48978\/revisions"}],"wp:featuredmedia":[{"embeddable":true,"href":"https:\/\/jms.com.bo\/mediamonitor\/wp-json\/wp\/v2\/media\/48979"}],"wp:attachment":[{"href":"https:\/\/jms.com.bo\/mediamonitor\/wp-json\/wp\/v2\/media?parent=48978"}],"wp:term":[{"taxonomy":"category","embeddable":true,"href":"https:\/\/jms.com.bo\/mediamonitor\/wp-json\/wp\/v2\/categories?post=48978"},{"taxonomy":"post_tag","embeddable":true,"href":"https:\/\/jms.com.bo\/mediamonitor\/wp-json\/wp\/v2\/tags?post=48978"}],"curies":[{"name":"wp","href":"https:\/\/api.w.org\/{rel}","templated":true}]}}