{"id":48980,"date":"2023-04-28T05:58:46","date_gmt":"2023-04-28T09:58:46","guid":{"rendered":"https:\/\/jms.com.bo\/mediamonitor\/2023\/04\/28\/exvicepresidente-pide-tapar-bache-economico-y-control-estatal-del-comercio-exterior\/"},"modified":"2023-04-28T05:58:46","modified_gmt":"2023-04-28T09:58:46","slug":"exvicepresidente-pide-tapar-bache-economico-y-control-estatal-del-comercio-exterior","status":"publish","type":"post","link":"https:\/\/jms.com.bo\/mediamonitor\/2023\/04\/28\/exvicepresidente-pide-tapar-bache-economico-y-control-estatal-del-comercio-exterior\/","title":{"rendered":"Exvicepresidente pide tapar bache econ\u00f3mico y control estatal del comercio exterior"},"content":{"rendered":"<p style=\"text-align: justify;\">La falta de d\u00f3lares entre la poblaci\u00f3n boliviana es un bache econ\u00f3mico que debe ser solucionado de inmediato y uno de los caminos es establecer un control estatal del comercio exterior, plante\u00f3 esta noche el exvicepresidente, \u00c1lvaro Garc\u00eda Linera, luego de la presentaci\u00f3n de su \u00faltimo libro en la federaci\u00f3n de mineros, en La Paz.<\/p>\n<p style=\"text-align: justify;\">\u201cSi dejas que el bache se agrande puede ser complicado y generar problemas, hay que rellenar, medidas concretas: aprobar la ley del oro que nos va a permitir controlar la exportaci\u00f3n del oro, acelerar la aprobaci\u00f3n de cr\u00e9ditos que hemos recibido para que haya liquidez en los bancos, o sea d\u00f3lares y establecer el control estatal del comercio exterior\u201d, dijo el exmandatario.<\/p>\n<p style=\"text-align: justify;\">El Gobierno boliviano enfrenta una serie de problemas por la ausencia de d\u00f3lares y hasta el momento no puede detener la abundante demanda de d\u00f3lares en el pa\u00eds; las medidas que implement\u00f3 en el Banco Central de Bolivia fueron insuficientes y por ahora su atenci\u00f3n est\u00e1 en la aprobaci\u00f3n de la ley del oro.<\/p>\n<p style=\"text-align: justify;\">De acuerdo con la explicaci\u00f3n de Garc\u00eda Linera, el control estatal de las exportaciones consiste en que todos los d\u00f3lares que Bolivia produce por sus exportaciones pasen obligatoriamente por el Banco Central y los d\u00f3lares que se entrega a los empresarios tambi\u00e9n regresen por el mismo camino, es decir el ente emisor boliviano.<\/p>\n<p style=\"text-align: justify;\">\u201cNo es necesario devaluar el boliviano ni mucho menos, el control estatal del comercio exterior permitir\u00eda que el flujo de d\u00f3lar en Bolivia se garantice y hay que mantener la inversi\u00f3n p\u00fablica proactiva, est\u00e1 bien enfocado el presidente Luis (Arce), porque cuanto m\u00e1s se produce m\u00e1s m\u00e1s crece, contraer la inversi\u00f3n p\u00fablica ser\u00eda un crimen, hay que expandir inversi\u00f3n p\u00fablica productiva para generar m\u00e1s divisas\u201d, alert\u00f3.<\/p>\n<p style=\"text-align: justify;\">Respecto de la ley del oro, dijo que en este momento la producci\u00f3n del oro en el pa\u00eds es tan alta que ya igual\u00f3 en montos a la exportaci\u00f3n de gas que realiza Bolivia; sin embargo, no se refiri\u00f3 a la resistencia que existe en los propios cooperativistas aur\u00edferos respecto de esta norma.<\/p>\n<p style=\"text-align: justify;\">\u201cEstamos exportando 3.000 millones de d\u00f3lares en oro, lo mismo que el gas, eso es muy interesante. Hoy exportamos tanto oro como gas y si el Estado le paga al cooperativista a precio de mercado y el Estado vende ese oro, va a recibir d\u00f3lares y por tanto, va a aumentar sus reservas internacionales\u201d, dijo sobre la ley del oro.<\/p>\n<p style=\"text-align: justify;\">M\u00e1s adelante dijo que el equipo econ\u00f3mico del Gobierno est\u00e1 trabajando muy lentamente y que ese sector debe ser el que acelere sus tareas. \u201ccon el presidente Evo dise\u00f1amos muchas industrias y Luis (Arce) est\u00e1 completando esa obra, deber\u00eda acelerar, hay un poco de lentitud en su equipo, hay que acelerar la inversi\u00f3n p\u00fablica para que la sustituci\u00f3n de importaciones tenga resultados r\u00e1pidos\u201d.<\/p>\n<p style=\"text-align: justify;\">Respecto de la quiebra del banco Fassil, asegur\u00f3 que la situaci\u00f3n de un banco no puede poner en riego a todo el sistema financiero, porque en este momento hay $us 30 mil millones en ahorros y eso demuestra la solidez de todo el sistema. Lo que deber\u00eda preocupar es la falta de retorno de los d\u00f3lares que sacan los empresarios, reiter\u00f3.<\/p>\n","protected":false},"excerpt":{"rendered":"<p>La falta de d\u00f3lares entre la poblaci\u00f3n boliviana es un bache econ\u00f3mico que debe ser solucionado de inmediato y uno de los caminos es establecer un control estatal del comercio exterior, plante\u00f3 esta noche el exvicepresidente, \u00c1lvaro Garc\u00eda Linera, luego de la presentaci\u00f3n de su \u00faltimo libro en la federaci\u00f3n de mineros, en La Paz. [&hellip;]<\/p>\n","protected":false},"author":4,"featured_media":48981,"comment_status":"open","ping_status":"closed","sticky":false,"template":"","format":"standard","meta":{"footnotes":""},"categories":[18],"tags":[],"class_list":{"0":"post-48980","1":"post","2":"type-post","3":"status-publish","4":"format-standard","5":"has-post-thumbnail","7":"category-politica"},"_links":{"self":[{"href":"https:\/\/jms.com.bo\/mediamonitor\/wp-json\/wp\/v2\/posts\/48980","targetHints":{"allow":["GET"]}}],"collection":[{"href":"https:\/\/jms.com.bo\/mediamonitor\/wp-json\/wp\/v2\/posts"}],"about":[{"href":"https:\/\/jms.com.bo\/mediamonitor\/wp-json\/wp\/v2\/types\/post"}],"author":[{"embeddable":true,"href":"https:\/\/jms.com.bo\/mediamonitor\/wp-json\/wp\/v2\/users\/4"}],"replies":[{"embeddable":true,"href":"https:\/\/jms.com.bo\/mediamonitor\/wp-json\/wp\/v2\/comments?post=48980"}],"version-history":[{"count":0,"href":"https:\/\/jms.com.bo\/mediamonitor\/wp-json\/wp\/v2\/posts\/48980\/revisions"}],"wp:featuredmedia":[{"embeddable":true,"href":"https:\/\/jms.com.bo\/mediamonitor\/wp-json\/wp\/v2\/media\/48981"}],"wp:attachment":[{"href":"https:\/\/jms.com.bo\/mediamonitor\/wp-json\/wp\/v2\/media?parent=48980"}],"wp:term":[{"taxonomy":"category","embeddable":true,"href":"https:\/\/jms.com.bo\/mediamonitor\/wp-json\/wp\/v2\/categories?post=48980"},{"taxonomy":"post_tag","embeddable":true,"href":"https:\/\/jms.com.bo\/mediamonitor\/wp-json\/wp\/v2\/tags?post=48980"}],"curies":[{"name":"wp","href":"https:\/\/api.w.org\/{rel}","templated":true}]}}