{"id":48982,"date":"2023-04-28T06:02:14","date_gmt":"2023-04-28T10:02:14","guid":{"rendered":"https:\/\/jms.com.bo\/mediamonitor\/2023\/04\/28\/empresarios-preocupados-por-el-incremento-es-el-mas-alto-de-los-ultimos-6-anos-y-solo-beneficiara-al-15-de-la-pea\/"},"modified":"2023-04-28T06:02:14","modified_gmt":"2023-04-28T10:02:14","slug":"empresarios-preocupados-por-el-incremento-es-el-mas-alto-de-los-ultimos-6-anos-y-solo-beneficiara-al-15-de-la-pea","status":"publish","type":"post","link":"https:\/\/jms.com.bo\/mediamonitor\/2023\/04\/28\/empresarios-preocupados-por-el-incremento-es-el-mas-alto-de-los-ultimos-6-anos-y-solo-beneficiara-al-15-de-la-pea\/","title":{"rendered":"Empresarios preocupados por el incremento: \u201cEs el m\u00e1s alto de los \u00faltimos 6 a\u00f1os\u201d y s\u00f3lo beneficiar\u00e1 al 15% de la PEA"},"content":{"rendered":"<p style=\"text-align: justify;\">Los empresarios manifestaron su preocupaci\u00f3n por el incremento salarial que este mi\u00e9rcoles anunci\u00f3 el presidente Luis Arce. Indicaron que es el m\u00e1s alto de los \u00faltimos seis a\u00f1os y que s\u00f3lo beneficiar\u00e1 a los trabajadores formales que representan el 15% de la Poblaci\u00f3n Econ\u00f3micamente Activa (PEA).<\/p>\n<p style=\"text-align: justify;\">El presidente de la C\u00e1mara Nacional de Comercio (CNC), Jaime Ascarrunz. explic\u00f3 que el 85% restante, y que se encuentra en la informalidad, tratar\u00e1 de compensar el alza subiendo los precios, lo que podr\u00eda generar inflaci\u00f3n.<\/p>\n<p style=\"text-align: justify;\">\u201cEl 85% de los trabajadores no son asalariados, solamente un 15% es asalariado, el resto est\u00e1 en la informalidad y este 85% no tiene un patr\u00f3n que le dar\u00e1 el incremento, por lo tanto, va a tener que procurarse el incremento por s\u00ed mismo, eso se traduce en que va a haber un incremento de precios que no va a guardar relaci\u00f3n con el monto que se est\u00e1 incrementando, sino que posiblemente va a sobrepasarlo\u201d, indic\u00f3 el representante de los empresarios.<\/p>\n<p style=\"text-align: justify;\">Ascarrunz agreg\u00f3 que este incremento generar\u00e1 una situaci\u00f3n \u201cperversa\u201d, en la cual el incremento salarial del 3% al haber b\u00e1sico y el 5% al Salario M\u00ednimo Nacional (SMN) se anular\u00e1.<\/p>\n<p style=\"text-align: justify;\">\u201cAl subir los precios estar\u00edamos entrando en una situaci\u00f3n perversa en la cual el incremento no va a servir para nada porque vamos a tener una subida de precios que nos puede empujar a una mayor inflaci\u00f3n, este es nuestro criterio\u201d, agreg\u00f3.<\/p>\n<p style=\"text-align: justify;\">En consonancia, la Confederaci\u00f3n de Empresarios Privados de Bolivia (CEPB) emiti\u00f3 un comunicado en el cual expresa su preocupaci\u00f3n por los incrementos salariales, se\u00f1ala que estos son los \u201cm\u00e1s altos de los \u00faltimos seis a\u00f1os\u201d y que \u00e9stos se dan cuando la econom\u00eda atraviesa por una situaci\u00f3n compleja y de incertidumbre.<\/p>\n<p style=\"text-align: justify;\">\u201cNos preocupa que no se hubieran considerado la posici\u00f3n p\u00fablica expresada por varias instituciones empresariales locales y nacionales, y por la dirigencia de las micro, medianas y peque\u00f1as empresas, que se\u00f1alaron claramente los riesgos y consecuencias que puede tener un incremento elevado, para la estabilidad de las unidades productivas, comerciales y de servicio\u201d, indic\u00f3 la CEPB.<\/p>\n<p style=\"text-align: justify;\">Por otra parte, el presidente de la CNC indic\u00f3 que la situaci\u00f3n econ\u00f3mica del pa\u00eds es complicada y que el incremento podr\u00eda agravarla a\u00fan m\u00e1s, ya que tendr\u00e1 un impacto directo en la creaci\u00f3n de empleos en el pa\u00eds.<\/p>\n<p style=\"text-align: justify;\">\u201cLa decisi\u00f3n fue tomada por el Gobierno y nosotros somos respetuosos que cumplimos las leyes y vamos a tener que acatar, pero no estamos de acuerdo. A nosotros lo que nos interesa es preservar el empleo digno que tenemos y evitar el desempleo, en ese sentido, si bien los incrementos no parecen excesivos, si tienen un fuerte impacto en el sector y no es un momento adecuado. Una subida de los salarios que no sea consultada puede generar p\u00e9rdida de empleos en todos los sectores\u201d, acot\u00f3.<\/p>\n<p style=\"text-align: justify;\">Asimismo, el ente empresarial agreg\u00f3 que estos incrementos anunciados, no s\u00f3lo van a afectar al sector empresarial y productivo formal, \u201csino que van a dificultar la sostenibilidad de los empleos actuales e impedir nuevas contrataciones, aumentando el ya significativo porcentaje de bolivianos y bolivianas que se ven obligadas a trabajar en la informalidad\u201d.<\/p>\n<p style=\"text-align: justify;\">Microempresarios se\u00f1alan que se perder\u00e1n empleos<\/p>\n<p style=\"text-align: justify;\">El secretario general de la Confederaci\u00f3n Nacional de la Micro y Peque\u00f1a Empresa (Conamype), Juan Carlos Vargas, se\u00f1al\u00f3 que el aumento salarial pone en jaque a al menos 300 mil unidades productivas que operan a escala nacional, se\u00f1al\u00f3 en una entrevista con Unitel.<\/p>\n<p style=\"text-align: justify;\">El ejecutivo de los microempresarios manifest\u00f3 que el incremento salarial desmotiva la generaci\u00f3n de nuevos empleos, debido a los costos que implica a los emprendedores cuyo sector es responsable de la generaci\u00f3n de 1,3 millones de empleos a escala nacional.<\/p>\n<p style=\"text-align: justify;\">El ejecutivo acot\u00f3 que todos los sectores se ven afectados por esta situaci\u00f3n, pero el problema se acent\u00faa en el caso de los productores de cuero, textiles, metalmec\u00e1nica y alimentos, los cuales se ven afectados por los productos que ingresan al pa\u00eds a trav\u00e9s del contrabando.<\/p>\n","protected":false},"excerpt":{"rendered":"<p>Los empresarios manifestaron su preocupaci\u00f3n por el incremento salarial que este mi\u00e9rcoles anunci\u00f3 el presidente Luis Arce. Indicaron que es el m\u00e1s alto de los \u00faltimos seis a\u00f1os y que s\u00f3lo beneficiar\u00e1 a los trabajadores formales que representan el 15% de la Poblaci\u00f3n Econ\u00f3micamente Activa (PEA). El presidente de la C\u00e1mara Nacional de Comercio (CNC), [&hellip;]<\/p>\n","protected":false},"author":4,"featured_media":48983,"comment_status":"open","ping_status":"closed","sticky":false,"template":"","format":"standard","meta":{"footnotes":""},"categories":[25],"tags":[],"class_list":{"0":"post-48982","1":"post","2":"type-post","3":"status-publish","4":"format-standard","5":"has-post-thumbnail","7":"category-economia"},"_links":{"self":[{"href":"https:\/\/jms.com.bo\/mediamonitor\/wp-json\/wp\/v2\/posts\/48982","targetHints":{"allow":["GET"]}}],"collection":[{"href":"https:\/\/jms.com.bo\/mediamonitor\/wp-json\/wp\/v2\/posts"}],"about":[{"href":"https:\/\/jms.com.bo\/mediamonitor\/wp-json\/wp\/v2\/types\/post"}],"author":[{"embeddable":true,"href":"https:\/\/jms.com.bo\/mediamonitor\/wp-json\/wp\/v2\/users\/4"}],"replies":[{"embeddable":true,"href":"https:\/\/jms.com.bo\/mediamonitor\/wp-json\/wp\/v2\/comments?post=48982"}],"version-history":[{"count":0,"href":"https:\/\/jms.com.bo\/mediamonitor\/wp-json\/wp\/v2\/posts\/48982\/revisions"}],"wp:featuredmedia":[{"embeddable":true,"href":"https:\/\/jms.com.bo\/mediamonitor\/wp-json\/wp\/v2\/media\/48983"}],"wp:attachment":[{"href":"https:\/\/jms.com.bo\/mediamonitor\/wp-json\/wp\/v2\/media?parent=48982"}],"wp:term":[{"taxonomy":"category","embeddable":true,"href":"https:\/\/jms.com.bo\/mediamonitor\/wp-json\/wp\/v2\/categories?post=48982"},{"taxonomy":"post_tag","embeddable":true,"href":"https:\/\/jms.com.bo\/mediamonitor\/wp-json\/wp\/v2\/tags?post=48982"}],"curies":[{"name":"wp","href":"https:\/\/api.w.org\/{rel}","templated":true}]}}