{"id":48984,"date":"2023-04-28T06:03:36","date_gmt":"2023-04-28T10:03:36","guid":{"rendered":"https:\/\/jms.com.bo\/mediamonitor\/2023\/04\/28\/trabajadores-de-fassil-piden-conocer-la-fecha-en-la-que-se-definira-su-futuro-laboral\/"},"modified":"2023-04-28T06:03:36","modified_gmt":"2023-04-28T10:03:36","slug":"trabajadores-de-fassil-piden-conocer-la-fecha-en-la-que-se-definira-su-futuro-laboral","status":"publish","type":"post","link":"https:\/\/jms.com.bo\/mediamonitor\/2023\/04\/28\/trabajadores-de-fassil-piden-conocer-la-fecha-en-la-que-se-definira-su-futuro-laboral\/","title":{"rendered":"Trabajadores de Fassil piden conocer la fecha en la que se definir\u00e1 su futuro laboral"},"content":{"rendered":"<p style=\"text-align: justify;\">Trabajadores de Fassil piden que las autoridades les den informaci\u00f3n clara sobre el futuro laboral de las 4.500 personas que trabajan en el banco a nivel nacional, 2.500 de los cuales est\u00e1n en Santa Cruz. El interventor Carlos Alberto Colodro inform\u00f3 ayer (mi\u00e9rcoles) que la mayor\u00eda de los trabajadores ser\u00e1n desvinculados.<\/p>\n<p style=\"text-align: justify;\">\u201cEstamos a la espera de que nos den una fecha exacta para saber qu\u00e9 va a pasar con nosotros, los trabajadores, as\u00ed como han dado una fecha para los ahorristas\u201d, dice Lorena Arredondo, quien junto a cientos de sus colegas se reunieron en puertas de la Agencia Norte de la entidad financiera, intervenida ayer mi\u00e9rcoles por la Autoridad de Supervisi\u00f3n del Sistema Financiero (ASFI).<\/p>\n<p style=\"text-align: justify;\">Desde las 09:00 de esta ma\u00f1ana, los trabajadores bloquean la avenida Cristo Redentor, cerca de la agencia. Afirman que se vieron sorprendidos por la intervenci\u00f3n y por la aprehensi\u00f3n de cuatro ejecutivos del banco.<\/p>\n<p style=\"text-align: justify;\">\u201cNo sabemos si ya somos desempleados. Nadie ha pensado en las 4.500 familias que representan a m\u00e1s de 14.000 personas que no saben qu\u00e9 va a pasar. La ASFI nos intervino y nos dijo que esperemos pacientemente su llamada. No nos han informado nada, no tenemos una carta de desvinculaci\u00f3n\u201d, indic\u00f3 un ejecutivo que ocupa la jefatura de una de las 185 agencias que tiene Fassil.<\/p>\n<p style=\"text-align: justify;\">Al no contar con un sindicato, los trabajadores intentan organizarse para tener dirigentes que representen a los m\u00e1s de 4.500 empleados que tiene el banco, entre ellos embarazadas y personas en condiciones especiales que, por ley, est\u00e1n protegidas por la inamovilidad laboral.<\/p>\n<p style=\"text-align: justify;\">El interventor inform\u00f3 que el proceso implica el cese de funciones de los gerentes y del plantel ejecutivo, y que se realizar\u00e1 un balance de corte para identificar las condiciones reales en las que est\u00e1 el banco.<\/p>\n<p style=\"text-align: justify;\">\u201cVamos a ir haciendo una racionalizaci\u00f3n de la cantidad de funcionarios (\u2026), vamos a dejar unos cuantos\u201d para mantener las operaciones esenciales de la entidad intervenida, dijo Colodro. Asegur\u00f3 que una de sus funciones \u201ces precautelar el pago de los beneficios sociales de cada uno de los empleados\u201d.<\/p>\n<p style=\"text-align: justify;\">\u201cEstamos llegando a un acuerdo entre trabajadores. Como no sabemos qu\u00e9 va a pasar, estamos present\u00e1ndonos en nuestras agencias temprano, estamos presentando listas de asistencia y estamos sac\u00e1ndonos fotos (en cada lugar), porque es la \u00fanica forma en que el d\u00eda de ma\u00f1ana no nos digan que no nos presentamos a trabajar y nos quieran botar, o no quieran pagarnos los beneficios tal cual son\u201d, sostuvo el jefe de agencia.<\/p>\n<p style=\"text-align: justify;\">En La Paz, un grupo de trabajadores del banco protestaron en puertas del Ministerio de Trabajo, exigiendo la restituci\u00f3n de su fuente laboral.<\/p>\n<p style=\"text-align: justify;\">Todas las agencias del Banco Fassil en el pa\u00eds est\u00e1n precintadas.<\/p>\n<p style=\"text-align: justify;\">\n","protected":false},"excerpt":{"rendered":"<p>Trabajadores de Fassil piden que las autoridades les den informaci\u00f3n clara sobre el futuro laboral de las 4.500 personas que trabajan en el banco a nivel nacional, 2.500 de los cuales est\u00e1n en Santa Cruz. El interventor Carlos Alberto Colodro inform\u00f3 ayer (mi\u00e9rcoles) que la mayor\u00eda de los trabajadores ser\u00e1n desvinculados. \u201cEstamos a la espera [&hellip;]<\/p>\n","protected":false},"author":4,"featured_media":48985,"comment_status":"open","ping_status":"closed","sticky":false,"template":"","format":"standard","meta":{"footnotes":""},"categories":[25],"tags":[],"class_list":{"0":"post-48984","1":"post","2":"type-post","3":"status-publish","4":"format-standard","5":"has-post-thumbnail","7":"category-economia"},"_links":{"self":[{"href":"https:\/\/jms.com.bo\/mediamonitor\/wp-json\/wp\/v2\/posts\/48984","targetHints":{"allow":["GET"]}}],"collection":[{"href":"https:\/\/jms.com.bo\/mediamonitor\/wp-json\/wp\/v2\/posts"}],"about":[{"href":"https:\/\/jms.com.bo\/mediamonitor\/wp-json\/wp\/v2\/types\/post"}],"author":[{"embeddable":true,"href":"https:\/\/jms.com.bo\/mediamonitor\/wp-json\/wp\/v2\/users\/4"}],"replies":[{"embeddable":true,"href":"https:\/\/jms.com.bo\/mediamonitor\/wp-json\/wp\/v2\/comments?post=48984"}],"version-history":[{"count":0,"href":"https:\/\/jms.com.bo\/mediamonitor\/wp-json\/wp\/v2\/posts\/48984\/revisions"}],"wp:featuredmedia":[{"embeddable":true,"href":"https:\/\/jms.com.bo\/mediamonitor\/wp-json\/wp\/v2\/media\/48985"}],"wp:attachment":[{"href":"https:\/\/jms.com.bo\/mediamonitor\/wp-json\/wp\/v2\/media?parent=48984"}],"wp:term":[{"taxonomy":"category","embeddable":true,"href":"https:\/\/jms.com.bo\/mediamonitor\/wp-json\/wp\/v2\/categories?post=48984"},{"taxonomy":"post_tag","embeddable":true,"href":"https:\/\/jms.com.bo\/mediamonitor\/wp-json\/wp\/v2\/tags?post=48984"}],"curies":[{"name":"wp","href":"https:\/\/api.w.org\/{rel}","templated":true}]}}